{"id":3420,"date":"2021-09-28T15:12:09","date_gmt":"2021-09-28T15:12:09","guid":{"rendered":"http:\/\/jf-moinhosdagandara.pt\/?p=3420"},"modified":"2021-09-28T15:12:13","modified_gmt":"2021-09-28T15:12:13","slug":"webinar-dislexia-caraterizacao-avaliacao-e-intervencao","status":"publish","type":"post","link":"https:\/\/jf-moinhosdagandara.pt\/?p=3420","title":{"rendered":"WEBINAR &#8211; Dislexia: Carateriza\u00e7\u00e3o, Avalia\u00e7\u00e3o e Interven\u00e7\u00e3o"},"content":{"rendered":"\n<p><\/p>\n\n\n\n<figure class=\"wp-block-image\"><img decoding=\"async\" src=\"https:\/\/lh3.googleusercontent.com\/CjSSFU-aVNOzy_7nBc9fherh_QyFzIbbi9y6pV-Xdt448OExFWuTBtd4nbmcB8c2mUOipqpOQSd_94MAXP4Qtg7QQrtEKcKzE9alORqq7uM4Xc4g6P1NrsHWzMNMDQcL2g=w4199\" alt=\"\" title=\"\"\/><\/figure>\n\n\n\n<p>Destinat\u00e1rios\/Pr\u00e9 RequisitosPais, Encarregados\/as de educa\u00e7\u00e3o, Professores\/as, Psic\u00f3logos, Estudantes e todos os restantes que queiram aprender mais sobre Dislexia.<br>Para frequentar esta a\u00e7\u00e3o \u00e9 necess\u00e1rio um computador com acesso \u00e0 internet e um software de navega\u00e7\u00e3o na Web.Objetivos GeraisO presente webinar pretende dar conhecimento desta perturba\u00e7\u00e3o do neurodesenvolvimento relativamente aos diversos aspetos que a caracterizam, nomeadamente em termos da sua defini\u00e7\u00e3o, est\u00e1dios de aprendizagem da leitura\/escrita e dos seus preditores neurocognitivos e manifesta\u00e7\u00f5es sintomatol\u00f3gicas.Conte\u00fados Program\u00e1ticos\u2014 Defini\u00e7\u00e3o de Dislexia<br>\u2014 Est\u00e1dios e modelos de desenvolvimento da leitura<br>\u2014 Fun\u00e7\u00f5es neuropsicol\u00f3gicas e psicolingu\u00edsticas<br>\u2014 Sinais de alerta na inf\u00e2ncia e na idade escolar<br>\u2014 Crit\u00e9rios de diagn\u00f3stico (DSM e CID)<br>\u2014 Preval\u00eancia<br>\u2014 Etiologia (fatores gen\u00e9ticos, neurol\u00f3gicos e neuropsicol\u00f3gicos)<\/p>\n\n\n\n<p><br>Avalia\u00e7\u00e3o &#8211; Este Webinar n\u00e3o prev\u00ea nenhum processo de avalia\u00e7\u00e3o de conhecimentos.<br>Formadora &#8211; Dra. Ana FreitasPsic\u00f3loga membro efetivo da Ordem dos Psic\u00f3logos (OPP), c\u00e9dula profissional n\u00ba 24357.<br>Mestre em Psicologia &#8211; Interven\u00e7\u00f5es Cognitivo-Comportamentais nas Perturba\u00e7\u00f5es Psicol\u00f3gicas e Sa\u00fade, pela Faculdade de Psicologia e Ci\u00eancias da Educa\u00e7\u00e3o da Universidade de Coimbra.<br>Forma\u00e7\u00e3o profissional em avalia\u00e7\u00e3o psicol\u00f3gica e neuropsicol\u00f3gica de crian\u00e7as e adolescentes, despiste, identifica\u00e7\u00e3o e avalia\u00e7\u00e3o de DAE (Dificuldades de Aprendizagem Espec\u00edficas).<br>Atualmente desempenha a sua pr\u00e1tica profissional na Mental School, local onde realiza interven\u00e7\u00e3o nas DAE ao n\u00edvel da leitura e da escrita, no p\u00fablico infanto-juvenil, bem como interven\u00e7\u00e3o psicol\u00f3gica em perturba\u00e7\u00f5es de ansiedade, autismo, PHDA, entre outras. <\/p>\n\n\n\n<p>Pre\u00e7o &#8211; A\u00e7\u00e3o Gratuita<\/p>\n\n\n\n<p>Informa\u00e7\u00f5es e Inscri\u00e7\u00f5es em:<\/p>\n\n\n\n<p>WEBINAR &#8211; Dislexia: Carateriza\u00e7\u00e3o, Avalia\u00e7\u00e3o e Interven\u00e7\u00e3o&nbsp;<a href=\"https:\/\/docs.google.com\/forms\/d\/1OKuCYp3QiFAzR3lb8tSzUiAXTKFZn80QzVo8wO1Xr2U\/edit?usp=sharing\" target=\"_blank\" rel=\"noreferrer noopener\">https:\/\/docs.google.com\/forms\/d\/1OKuCYp3QiFAzR3lb8tSzUiAXTKFZn80QzVo8wO1Xr2U\/edit?usp=sharing<\/a><\/p>\n\n\n\n<p>WEBINAR &#8211; O meu filho tem Autismo e agora?<a href=\"https:\/\/docs.google.com\/forms\/d\/14TdqD28kvtrokZ93zAsYkSimkTgm36kKuBeJ4sGcdZk\/edit?usp=sharing\" target=\"_blank\" rel=\"noreferrer noopener\">https:\/\/docs.google.com\/forms\/d\/14TdqD28kvtrokZ93zAsYkSimkTgm36kKuBeJ4sGcdZk\/edit?usp=sharing<\/a><\/p>\n\n\n\n<p>WEBINAR &#8211; Jovens no Mundo Virtual: Oportunidades e Desafios&nbsp;<a href=\"https:\/\/docs.google.com\/forms\/d\/1L_eFHkbfWjYQ49MsnFWWd4DS7EFueEM4D19F_I3zZxo\/edit?usp=sharing\" target=\"_blank\" rel=\"noreferrer noopener\">https:\/\/docs.google.com\/forms\/d\/1L_eFHkbfWjYQ49MsnFWWd4DS7EFueEM4D19F_I3zZxo\/edit?usp=sharing<\/a><\/p>\n","protected":false},"excerpt":{"rendered":"<p>Destinat\u00e1rios\/Pr\u00e9 RequisitosPais, Encarregados\/as de educa\u00e7\u00e3o, Professores\/as, Psic\u00f3logos, Estudantes e todos os restantes que queiram aprender mais sobre Dislexia.Para frequentar esta a\u00e7\u00e3o \u00e9 necess\u00e1rio um computador com acesso \u00e0 internet e um software de navega\u00e7\u00e3o na Web.Objetivos GeraisO presente webinar pretende dar conhecimento desta perturba\u00e7\u00e3o do neurodesenvolvimento relativamente aos diversos aspetos que a caracterizam, nomeadamente em termos da sua defini\u00e7\u00e3o, est\u00e1dios de aprendizagem da leitura\/escrita e dos seus preditores neurocognitivos e manifesta\u00e7\u00f5es sintomatol\u00f3gicas.Conte\u00fados Program\u00e1ticos\u2014 Defini\u00e7\u00e3o de Dislexia\u2014 Est\u00e1dios e modelos de desenvolvimento da leitura\u2014 Fun\u00e7\u00f5es neuropsicol\u00f3gicas e psicolingu\u00edsticas\u2014 Sinais de alerta na inf\u00e2ncia e na idade escolar\u2014 Crit\u00e9rios de diagn\u00f3stico (DSM e CID)\u2014 Preval\u00eancia\u2014 Etiologia (fatores gen\u00e9ticos, neurol\u00f3gicos e neuropsicol\u00f3gicos) Avalia\u00e7\u00e3o &#8211; Este Webinar n\u00e3o prev\u00ea nenhum processo de avalia\u00e7\u00e3o de conhecimentos.Formadora &#8211; Dra. Ana FreitasPsic\u00f3loga membro efetivo da Ordem dos Psic\u00f3logos (OPP), c\u00e9dula profissional n\u00ba 24357.Mestre em Psicologia &#8211; Interven\u00e7\u00f5es Cognitivo-Comportamentais nas Perturba\u00e7\u00f5es Psicol\u00f3gicas e Sa\u00fade, pela Faculdade de Psicologia e Ci\u00eancias da Educa\u00e7\u00e3o da Universidade de Coimbra.Forma\u00e7\u00e3o profissional em avalia\u00e7\u00e3o psicol\u00f3gica e neuropsicol\u00f3gica de crian\u00e7as e adolescentes, despiste, identifica\u00e7\u00e3o e avalia\u00e7\u00e3o de DAE (Dificuldades de Aprendizagem Espec\u00edficas).Atualmente desempenha a sua pr\u00e1tica profissional na Mental School, local onde realiza interven\u00e7\u00e3o nas DAE ao n\u00edvel da leitura e da escrita, no p\u00fablico infanto-juvenil, bem como interven\u00e7\u00e3o psicol\u00f3gica em perturba\u00e7\u00f5es de ansiedade, autismo, PHDA, entre outras. Pre\u00e7o &#8211; A\u00e7\u00e3o Gratuita Informa\u00e7\u00f5es e Inscri\u00e7\u00f5es em: WEBINAR &#8211; Dislexia: Carateriza\u00e7\u00e3o, Avalia\u00e7\u00e3o e Interven\u00e7\u00e3o&nbsp;https:\/\/docs.google.com\/forms\/d\/1OKuCYp3QiFAzR3lb8tSzUiAXTKFZn80QzVo8wO1Xr2U\/edit?usp=sharing WEBINAR &#8211; O meu filho tem Autismo e agora?https:\/\/docs.google.com\/forms\/d\/14TdqD28kvtrokZ93zAsYkSimkTgm36kKuBeJ4sGcdZk\/edit?usp=sharing WEBINAR &#8211; Jovens no Mundo Virtual: Oportunidades e Desafios&nbsp;https:\/\/docs.google.com\/forms\/d\/1L_eFHkbfWjYQ49MsnFWWd4DS7EFueEM4D19F_I3zZxo\/edit?usp=sharing<\/p>\n","protected":false},"author":1,"featured_media":3421,"comment_status":"closed","ping_status":"closed","sticky":false,"template":"","format":"standard","meta":{"om_disable_all_campaigns":false,"_monsterinsights_skip_tracking":false,"_monsterinsights_sitenote_active":false,"_monsterinsights_sitenote_note":"","_monsterinsights_sitenote_category":0,"powered_cache_disable_cache":false,"powered_cache_disable_lazyload":false,"_jetpack_memberships_contains_paid_content":false,"footnotes":""},"categories":[12],"tags":[],"class_list":["post-3420","post","type-post","status-publish","format-standard","has-post-thumbnail","hentry","category-noticias"],"aioseo_notices":[],"jetpack_featured_media_url":"https:\/\/jf-moinhosdagandara.pt\/wp-content\/uploads\/2021\/09\/unnamed.png","blog_post_layout_featured_media_urls":{"thumbnail":["https:\/\/jf-moinhosdagandara.pt\/wp-content\/uploads\/2021\/09\/unnamed-150x150.png",150,150,true],"full":["https:\/\/jf-moinhosdagandara.pt\/wp-content\/uploads\/2021\/09\/unnamed.png",497,280,false]},"categories_names":{"12":{"name":"Noticias","link":"https:\/\/jf-moinhosdagandara.pt\/?cat=12"}},"tags_names":[],"comments_number":"0","jetpack_sharing_enabled":true,"_links":{"self":[{"href":"https:\/\/jf-moinhosdagandara.pt\/index.php?rest_route=\/wp\/v2\/posts\/3420","targetHints":{"allow":["GET"]}}],"collection":[{"href":"https:\/\/jf-moinhosdagandara.pt\/index.php?rest_route=\/wp\/v2\/posts"}],"about":[{"href":"https:\/\/jf-moinhosdagandara.pt\/index.php?rest_route=\/wp\/v2\/types\/post"}],"author":[{"embeddable":true,"href":"https:\/\/jf-moinhosdagandara.pt\/index.php?rest_route=\/wp\/v2\/users\/1"}],"replies":[{"embeddable":true,"href":"https:\/\/jf-moinhosdagandara.pt\/index.php?rest_route=%2Fwp%2Fv2%2Fcomments&post=3420"}],"version-history":[{"count":1,"href":"https:\/\/jf-moinhosdagandara.pt\/index.php?rest_route=\/wp\/v2\/posts\/3420\/revisions"}],"predecessor-version":[{"id":3422,"href":"https:\/\/jf-moinhosdagandara.pt\/index.php?rest_route=\/wp\/v2\/posts\/3420\/revisions\/3422"}],"wp:featuredmedia":[{"embeddable":true,"href":"https:\/\/jf-moinhosdagandara.pt\/index.php?rest_route=\/wp\/v2\/media\/3421"}],"wp:attachment":[{"href":"https:\/\/jf-moinhosdagandara.pt\/index.php?rest_route=%2Fwp%2Fv2%2Fmedia&parent=3420"}],"wp:term":[{"taxonomy":"category","embeddable":true,"href":"https:\/\/jf-moinhosdagandara.pt\/index.php?rest_route=%2Fwp%2Fv2%2Fcategories&post=3420"},{"taxonomy":"post_tag","embeddable":true,"href":"https:\/\/jf-moinhosdagandara.pt\/index.php?rest_route=%2Fwp%2Fv2%2Ftags&post=3420"}],"curies":[{"name":"wp","href":"https:\/\/api.w.org\/{rel}","templated":true}]}}