{"id":4006,"date":"2022-05-27T16:14:28","date_gmt":"2022-05-27T16:14:28","guid":{"rendered":"http:\/\/jf-moinhosdagandara.pt\/?p=4006"},"modified":"2022-05-27T16:14:31","modified_gmt":"2022-05-27T16:14:31","slug":"acao-de-formacao-sistema-de-normalizacao-contabilistica-e-snc-ap-sistema-de-normalizacao-contabilistica-para-administracoes-publicas","status":"publish","type":"post","link":"https:\/\/jf-moinhosdagandara.pt\/?p=4006","title":{"rendered":"A\u00c7\u00c3O DE FORMA\u00c7\u00c3O Sistema de normaliza\u00e7\u00e3o contabil\u00edstica e SNC-AP &#8211; Sistema de normaliza\u00e7\u00e3o contabil\u00edstica para administra\u00e7\u00f5es p\u00fablicas"},"content":{"rendered":"\n<p>A Associa\u00e7\u00e3o Fern\u00e3o Mendes Pinto, vem pelo presente informar que vai iniciar na pr\u00f3xima semana as seguintes a\u00e7\u00f5es:<\/p>\n\n\n\n<ul class=\"wp-block-list\"><li><strong>\u201cSistema de normaliza\u00e7\u00e3o contabil\u00edstica\u201d e \u201cSNC-AP Sistema de normaliza\u00e7\u00e3o contabil\u00edstica para administra\u00e7\u00f5es p\u00fablicas\u201d&nbsp;<\/strong><strong>&#8211; 50 horas<\/strong><strong><\/strong><\/li><\/ul>\n\n\n\n<p>Data de in\u00edcio 1 de junho<\/p>\n\n\n\n<p>Local de realiza\u00e7\u00e3o \u2013 Montemor-o-Velho<\/p>\n\n\n\n<p>14 dias de forma\u00e7\u00e3o<\/p>\n\n\n\n<ul class=\"wp-block-list\"><li><strong>\u201cGest\u00e3o de Equipas\u201d &#8211; 25 horas<\/strong><\/li><li>Data de in\u00edcio 2 de junho<\/li><\/ul>\n\n\n\n<p>Local de realiza\u00e7\u00e3o \u2013 Montemor-o-Velho<\/p>\n\n\n\n<p>7 dias de forma\u00e7\u00e3o<\/p>\n\n\n\n<p>Mais se informa que estas a\u00e7\u00f5es decorrem em hor\u00e1rio p\u00f3s-laboral, das 19:00h \u00e0s 22:30h, duas vezes\/dias por semana.<\/p>\n\n\n\n<p>Podem frequentar estas a\u00e7\u00f5es:<\/p>\n\n\n\n<p>&#8211;&nbsp;<strong>Pessoas empregadas<\/strong>&nbsp;com habilita\u00e7\u00e3o escolar igual ou superior ao 9\u00ba ano de escolaridade;<\/p>\n\n\n\n<p>&#8211;&nbsp;<strong>Pessoas desempregadas h\u00e1 menos de um ano<\/strong>&nbsp;(inscritos no IEFP) e com habilita\u00e7\u00e3o escolar igual ou superior ao 12\u00ba ano de escolaridade;<\/p>\n\n\n\n<p><strong>&#8211; Pessoas desempregadas \u00e0 procura do primeiro emprego<\/strong>&nbsp;h\u00e1 menos de seis meses, com idade inferior a 25 anos&nbsp;e com habilita\u00e7\u00e3o escolar igual ou superior ao 12\u00ba ano de escolaridade;<\/p>\n\n\n\n<p><strong>&#8211; Pessoas desempregadas \u00e0 procura do primeiro emprego<\/strong>&nbsp;h\u00e1 menos de um ano, com idade igual ou superior a 25 anos&nbsp;e com habilita\u00e7\u00e3o escolar igual ou superior ao 12\u00ba ano de escolaridade;<\/p>\n\n\n\n<p>Os\/as formandos\/as t\u00eam direito a usufruir o apoio equivalente ao subs\u00eddio de refei\u00e7\u00e3o, no montante de 4,77\u20ac por cada dia de forma\u00e7\u00e3o frequentado e no final da a\u00e7\u00e3o, ao Certificado de Qualifica\u00e7\u00e3o.<\/p>\n\n\n\n<p>Desde j\u00e1, agradecemos o V. apoio na divulga\u00e7\u00e3o destas a\u00e7\u00f5es, que em caso de interesse, dever\u00e1 ser remetida por email&nbsp;&nbsp;<a href=\"mailto:sao.carvalho@afmp.pt\" target=\"_blank\" rel=\"noreferrer noopener\">sao.carvalho@afmp.pt<\/a>&nbsp;a Ficha de Inscri\u00e7\u00e3o, que segue em anexo.<\/p>\n\n\n\n<p>Estamos dispon\u00edveis para prestar qualquer esclarecimento adicional.<\/p>\n\n\n\n<figure class=\"wp-block-image size-large\"><a href=\"https:\/\/jf-moinhosdagandara.pt\/wp-content\/uploads\/2022\/05\/FM_10855_SNC-AP.jpg\"><img fetchpriority=\"high\" decoding=\"async\" width=\"960\" height=\"720\" src=\"https:\/\/jf-moinhosdagandara.pt\/wp-content\/uploads\/2022\/05\/FM_10855_SNC-AP.jpg\" alt=\"\" class=\"wp-image-4007\" srcset=\"https:\/\/jf-moinhosdagandara.pt\/wp-content\/uploads\/2022\/05\/FM_10855_SNC-AP.jpg 960w, https:\/\/jf-moinhosdagandara.pt\/wp-content\/uploads\/2022\/05\/FM_10855_SNC-AP-300x225.jpg 300w, https:\/\/jf-moinhosdagandara.pt\/wp-content\/uploads\/2022\/05\/FM_10855_SNC-AP-768x576.jpg 768w, https:\/\/jf-moinhosdagandara.pt\/wp-content\/uploads\/2022\/05\/FM_10855_SNC-AP-285x214.jpg 285w\" sizes=\"(max-width: 960px) 100vw, 960px\" \/><\/a><\/figure>\n\n\n\n<figure class=\"wp-block-image size-large\"><a href=\"https:\/\/jf-moinhosdagandara.pt\/wp-content\/uploads\/2022\/05\/FM_7844-GestaoEquipas.jpg\"><img decoding=\"async\" width=\"960\" height=\"720\" src=\"https:\/\/jf-moinhosdagandara.pt\/wp-content\/uploads\/2022\/05\/FM_7844-GestaoEquipas.jpg\" alt=\"\" class=\"wp-image-4008\" srcset=\"https:\/\/jf-moinhosdagandara.pt\/wp-content\/uploads\/2022\/05\/FM_7844-GestaoEquipas.jpg 960w, https:\/\/jf-moinhosdagandara.pt\/wp-content\/uploads\/2022\/05\/FM_7844-GestaoEquipas-300x225.jpg 300w, https:\/\/jf-moinhosdagandara.pt\/wp-content\/uploads\/2022\/05\/FM_7844-GestaoEquipas-768x576.jpg 768w, https:\/\/jf-moinhosdagandara.pt\/wp-content\/uploads\/2022\/05\/FM_7844-GestaoEquipas-285x214.jpg 285w\" sizes=\"(max-width: 960px) 100vw, 960px\" \/><\/a><\/figure>\n\n\n\n<div class=\"wp-block-file\"><a href=\"https:\/\/jf-moinhosdagandara.pt\/wp-content\/uploads\/2022\/05\/FM_F-Inscricao-maio_2022.docx\">FM_F-Inscricao-maio_2022<\/a><a href=\"https:\/\/jf-moinhosdagandara.pt\/wp-content\/uploads\/2022\/05\/FM_F-Inscricao-maio_2022.docx\" class=\"wp-block-file__button\" download>Descarregar<\/a><\/div>\n","protected":false},"excerpt":{"rendered":"<p>A Associa\u00e7\u00e3o Fern\u00e3o Mendes Pinto, vem pelo presente informar que vai iniciar na pr\u00f3xima semana as seguintes a\u00e7\u00f5es: \u201cSistema de normaliza\u00e7\u00e3o contabil\u00edstica\u201d e \u201cSNC-AP Sistema de normaliza\u00e7\u00e3o contabil\u00edstica para administra\u00e7\u00f5es p\u00fablicas\u201d&nbsp;&#8211; 50 horas Data de in\u00edcio 1 de junho Local de realiza\u00e7\u00e3o \u2013 Montemor-o-Velho 14 dias de forma\u00e7\u00e3o \u201cGest\u00e3o de Equipas\u201d &#8211; 25 horas Data de in\u00edcio 2 de junho Local de realiza\u00e7\u00e3o \u2013 Montemor-o-Velho 7 dias de forma\u00e7\u00e3o Mais se informa que estas a\u00e7\u00f5es decorrem em hor\u00e1rio p\u00f3s-laboral, das 19:00h \u00e0s 22:30h, duas vezes\/dias por semana. Podem frequentar estas a\u00e7\u00f5es: &#8211;&nbsp;Pessoas empregadas&nbsp;com habilita\u00e7\u00e3o escolar igual ou superior ao 9\u00ba ano de escolaridade; &#8211;&nbsp;Pessoas desempregadas h\u00e1 menos de um ano&nbsp;(inscritos no IEFP) e com habilita\u00e7\u00e3o escolar igual ou superior ao 12\u00ba ano de escolaridade; &#8211; Pessoas desempregadas \u00e0 procura do primeiro emprego&nbsp;h\u00e1 menos de seis meses, com idade inferior a 25 anos&nbsp;e com habilita\u00e7\u00e3o escolar igual ou superior ao 12\u00ba ano de escolaridade; &#8211; Pessoas desempregadas \u00e0 procura do primeiro emprego&nbsp;h\u00e1 menos de um ano, com idade igual ou superior a 25 anos&nbsp;e com habilita\u00e7\u00e3o escolar igual ou superior ao 12\u00ba ano de escolaridade; Os\/as formandos\/as t\u00eam direito a usufruir o apoio equivalente ao subs\u00eddio de refei\u00e7\u00e3o, no montante de 4,77\u20ac por cada dia de forma\u00e7\u00e3o frequentado e no final da a\u00e7\u00e3o, ao Certificado de Qualifica\u00e7\u00e3o. Desde j\u00e1, agradecemos o V. apoio na divulga\u00e7\u00e3o destas a\u00e7\u00f5es, que em caso de interesse, dever\u00e1 ser remetida por email&nbsp;&nbsp;sao.carvalho@afmp.pt&nbsp;a Ficha de Inscri\u00e7\u00e3o, que segue em anexo. Estamos dispon\u00edveis para prestar qualquer esclarecimento adicional.<\/p>\n","protected":false},"author":1,"featured_media":4007,"comment_status":"closed","ping_status":"closed","sticky":false,"template":"","format":"standard","meta":{"om_disable_all_campaigns":false,"_monsterinsights_skip_tracking":false,"_monsterinsights_sitenote_active":false,"_monsterinsights_sitenote_note":"","_monsterinsights_sitenote_category":0,"powered_cache_disable_cache":false,"powered_cache_disable_lazyload":false,"_jetpack_memberships_contains_paid_content":false,"footnotes":""},"categories":[12],"tags":[],"class_list":["post-4006","post","type-post","status-publish","format-standard","has-post-thumbnail","hentry","category-noticias"],"aioseo_notices":[],"jetpack_featured_media_url":"https:\/\/jf-moinhosdagandara.pt\/wp-content\/uploads\/2022\/05\/FM_10855_SNC-AP.jpg","blog_post_layout_featured_media_urls":{"thumbnail":["https:\/\/jf-moinhosdagandara.pt\/wp-content\/uploads\/2022\/05\/FM_10855_SNC-AP-150x150.jpg",150,150,true],"full":["https:\/\/jf-moinhosdagandara.pt\/wp-content\/uploads\/2022\/05\/FM_10855_SNC-AP.jpg",960,720,false]},"categories_names":{"12":{"name":"Noticias","link":"https:\/\/jf-moinhosdagandara.pt\/?cat=12"}},"tags_names":[],"comments_number":"0","jetpack_sharing_enabled":true,"_links":{"self":[{"href":"https:\/\/jf-moinhosdagandara.pt\/index.php?rest_route=\/wp\/v2\/posts\/4006","targetHints":{"allow":["GET"]}}],"collection":[{"href":"https:\/\/jf-moinhosdagandara.pt\/index.php?rest_route=\/wp\/v2\/posts"}],"about":[{"href":"https:\/\/jf-moinhosdagandara.pt\/index.php?rest_route=\/wp\/v2\/types\/post"}],"author":[{"embeddable":true,"href":"https:\/\/jf-moinhosdagandara.pt\/index.php?rest_route=\/wp\/v2\/users\/1"}],"replies":[{"embeddable":true,"href":"https:\/\/jf-moinhosdagandara.pt\/index.php?rest_route=%2Fwp%2Fv2%2Fcomments&post=4006"}],"version-history":[{"count":1,"href":"https:\/\/jf-moinhosdagandara.pt\/index.php?rest_route=\/wp\/v2\/posts\/4006\/revisions"}],"predecessor-version":[{"id":4010,"href":"https:\/\/jf-moinhosdagandara.pt\/index.php?rest_route=\/wp\/v2\/posts\/4006\/revisions\/4010"}],"wp:featuredmedia":[{"embeddable":true,"href":"https:\/\/jf-moinhosdagandara.pt\/index.php?rest_route=\/wp\/v2\/media\/4007"}],"wp:attachment":[{"href":"https:\/\/jf-moinhosdagandara.pt\/index.php?rest_route=%2Fwp%2Fv2%2Fmedia&parent=4006"}],"wp:term":[{"taxonomy":"category","embeddable":true,"href":"https:\/\/jf-moinhosdagandara.pt\/index.php?rest_route=%2Fwp%2Fv2%2Fcategories&post=4006"},{"taxonomy":"post_tag","embeddable":true,"href":"https:\/\/jf-moinhosdagandara.pt\/index.php?rest_route=%2Fwp%2Fv2%2Ftags&post=4006"}],"curies":[{"name":"wp","href":"https:\/\/api.w.org\/{rel}","templated":true}]}}