{"id":4734,"date":"2023-03-31T15:58:31","date_gmt":"2023-03-31T15:58:31","guid":{"rendered":"https:\/\/jf-moinhosdagandara.pt\/?p=4734"},"modified":"2023-03-31T15:58:35","modified_gmt":"2023-03-31T15:58:35","slug":"move-2023-mostra-de-ofertas-vocacionais-e-de-emprego","status":"publish","type":"post","link":"https:\/\/jf-moinhosdagandara.pt\/?p=4734","title":{"rendered":"MOVE 2023 &#8211; Mostra de Ofertas Vocacionais e de Emprego"},"content":{"rendered":"\n<p>Organizada pela C\u00e2mara Municipal da Figueira da Foz, a&nbsp;<strong>VIII Mostra de Ofertas Vocacionais e de Emprego \u2013 MOVE 2023<\/strong>&nbsp;<strong>estar\u00e1 patente ao p\u00fablico no Pavilh\u00e3o do Caras Direitas, nos<\/strong>&nbsp;<strong>dias 19 e 20 de abril (4\u00aa e 5\u00aa feira)<\/strong>, entre as&nbsp;<strong>10H00 e as<\/strong>&nbsp;<strong>18H00.<\/strong><\/p>\n\n\n\n<p>Esta Mostra&nbsp;<strong>tem como objetivo proporcionar aos Jovens&nbsp;<\/strong>do 3\u00ba Ciclo do Ensino B\u00e1sico e Secund\u00e1rio<strong>, o acesso a informa\u00e7\u00e3o relativa \u00e0s op\u00e7\u00f5es do futuro com que s\u00e3o confrontados nesta etapa da vida,&nbsp;<\/strong>reunindo no mesmo espa\u00e7o entidades que d\u00e3o resposta ao n\u00edvel da Educa\u00e7\u00e3o, da Forma\u00e7\u00e3o e do Emprego.<\/p>\n\n\n\n<p>O<strong>&nbsp;evento contar\u00e1<\/strong>&nbsp;<strong>com a presen\u00e7a de 35 entidades<\/strong>&nbsp;(vide Anexo), entre&nbsp;Escolas Secund\u00e1rias, Profissionais do Munic\u00edpio e da Regi\u00e3o, Centro de Emprego da Figueira da Foz, Servi\u00e7o de Forma\u00e7\u00e3o Profissional de Coimbra,&nbsp;Associa\u00e7\u00e3o Comercial e Industrial da Figueira da Foz, Incubadora do Mar e Ind\u00fastria da Figueira da Foz, empresas do Munic\u00edpio, Institutos Superiores Polit\u00e9cnicos, Privados e Universidades P\u00fablicas e Privadas, oriundas de v\u00e1rios pontos do pa\u00eds.<\/p>\n\n\n\n<p><strong>A sess\u00e3o de abertura ter\u00e1 lugar no dia 19 de abril, \u00e0s 10H00 no Pavilh\u00e3o Caras Direitas.<\/strong><\/p>\n\n\n\n<p>Agradecendo antecipadamente a melhor divulga\u00e7\u00e3o junto dos vossos alunos, encarregados de educa\u00e7\u00e3o, associados, amigos e demais interessados.<\/p>\n\n\n\n<figure class=\"wp-block-image size-large\"><a href=\"https:\/\/jf-moinhosdagandara.pt\/wp-content\/uploads\/2023\/03\/1-4.png\"><img fetchpriority=\"high\" decoding=\"async\" width=\"727\" height=\"1024\" src=\"https:\/\/jf-moinhosdagandara.pt\/wp-content\/uploads\/2023\/03\/1-4-727x1024.png\" alt=\"\" class=\"wp-image-4735\" srcset=\"https:\/\/jf-moinhosdagandara.pt\/wp-content\/uploads\/2023\/03\/1-4-727x1024.png 727w, https:\/\/jf-moinhosdagandara.pt\/wp-content\/uploads\/2023\/03\/1-4-213x300.png 213w, https:\/\/jf-moinhosdagandara.pt\/wp-content\/uploads\/2023\/03\/1-4-768x1081.png 768w, https:\/\/jf-moinhosdagandara.pt\/wp-content\/uploads\/2023\/03\/1-4-1091x1536.png 1091w, https:\/\/jf-moinhosdagandara.pt\/wp-content\/uploads\/2023\/03\/1-4.png 1383w\" sizes=\"(max-width: 727px) 100vw, 727px\" \/><\/a><\/figure>\n","protected":false},"excerpt":{"rendered":"<p>Organizada pela C\u00e2mara Municipal da Figueira da Foz, a&nbsp;VIII Mostra de Ofertas Vocacionais e de Emprego \u2013 MOVE 2023&nbsp;estar\u00e1 patente ao p\u00fablico no Pavilh\u00e3o do Caras Direitas, nos&nbsp;dias 19 e 20 de abril (4\u00aa e 5\u00aa feira), entre as&nbsp;10H00 e as&nbsp;18H00. Esta Mostra&nbsp;tem como objetivo proporcionar aos Jovens&nbsp;do 3\u00ba Ciclo do Ensino B\u00e1sico e Secund\u00e1rio, o acesso a informa\u00e7\u00e3o relativa \u00e0s op\u00e7\u00f5es do futuro com que s\u00e3o confrontados nesta etapa da vida,&nbsp;reunindo no mesmo espa\u00e7o entidades que d\u00e3o resposta ao n\u00edvel da Educa\u00e7\u00e3o, da Forma\u00e7\u00e3o e do Emprego. O&nbsp;evento contar\u00e1&nbsp;com a presen\u00e7a de 35 entidades&nbsp;(vide Anexo), entre&nbsp;Escolas Secund\u00e1rias, Profissionais do Munic\u00edpio e da Regi\u00e3o, Centro de Emprego da Figueira da Foz, Servi\u00e7o de Forma\u00e7\u00e3o Profissional de Coimbra,&nbsp;Associa\u00e7\u00e3o Comercial e Industrial da Figueira da Foz, Incubadora do Mar e Ind\u00fastria da Figueira da Foz, empresas do Munic\u00edpio, Institutos Superiores Polit\u00e9cnicos, Privados e Universidades P\u00fablicas e Privadas, oriundas de v\u00e1rios pontos do pa\u00eds. A sess\u00e3o de abertura ter\u00e1 lugar no dia 19 de abril, \u00e0s 10H00 no Pavilh\u00e3o Caras Direitas. Agradecendo antecipadamente a melhor divulga\u00e7\u00e3o junto dos vossos alunos, encarregados de educa\u00e7\u00e3o, associados, amigos e demais interessados.<\/p>\n","protected":false},"author":1,"featured_media":4736,"comment_status":"closed","ping_status":"closed","sticky":false,"template":"","format":"standard","meta":{"om_disable_all_campaigns":false,"_monsterinsights_skip_tracking":false,"_monsterinsights_sitenote_active":false,"_monsterinsights_sitenote_note":"","_monsterinsights_sitenote_category":0,"powered_cache_disable_cache":false,"powered_cache_disable_lazyload":false,"_jetpack_memberships_contains_paid_content":false,"footnotes":""},"categories":[12],"tags":[],"class_list":["post-4734","post","type-post","status-publish","format-standard","has-post-thumbnail","hentry","category-noticias"],"aioseo_notices":[],"jetpack_featured_media_url":"https:\/\/jf-moinhosdagandara.pt\/wp-content\/uploads\/2023\/03\/2-2.png","blog_post_layout_featured_media_urls":{"thumbnail":["https:\/\/jf-moinhosdagandara.pt\/wp-content\/uploads\/2023\/03\/2-2-150x150.png",150,150,true],"full":["https:\/\/jf-moinhosdagandara.pt\/wp-content\/uploads\/2023\/03\/2-2.png",497,401,false]},"categories_names":{"12":{"name":"Noticias","link":"https:\/\/jf-moinhosdagandara.pt\/?cat=12"}},"tags_names":[],"comments_number":"0","jetpack_sharing_enabled":true,"_links":{"self":[{"href":"https:\/\/jf-moinhosdagandara.pt\/index.php?rest_route=\/wp\/v2\/posts\/4734","targetHints":{"allow":["GET"]}}],"collection":[{"href":"https:\/\/jf-moinhosdagandara.pt\/index.php?rest_route=\/wp\/v2\/posts"}],"about":[{"href":"https:\/\/jf-moinhosdagandara.pt\/index.php?rest_route=\/wp\/v2\/types\/post"}],"author":[{"embeddable":true,"href":"https:\/\/jf-moinhosdagandara.pt\/index.php?rest_route=\/wp\/v2\/users\/1"}],"replies":[{"embeddable":true,"href":"https:\/\/jf-moinhosdagandara.pt\/index.php?rest_route=%2Fwp%2Fv2%2Fcomments&post=4734"}],"version-history":[{"count":1,"href":"https:\/\/jf-moinhosdagandara.pt\/index.php?rest_route=\/wp\/v2\/posts\/4734\/revisions"}],"predecessor-version":[{"id":4737,"href":"https:\/\/jf-moinhosdagandara.pt\/index.php?rest_route=\/wp\/v2\/posts\/4734\/revisions\/4737"}],"wp:featuredmedia":[{"embeddable":true,"href":"https:\/\/jf-moinhosdagandara.pt\/index.php?rest_route=\/wp\/v2\/media\/4736"}],"wp:attachment":[{"href":"https:\/\/jf-moinhosdagandara.pt\/index.php?rest_route=%2Fwp%2Fv2%2Fmedia&parent=4734"}],"wp:term":[{"taxonomy":"category","embeddable":true,"href":"https:\/\/jf-moinhosdagandara.pt\/index.php?rest_route=%2Fwp%2Fv2%2Fcategories&post=4734"},{"taxonomy":"post_tag","embeddable":true,"href":"https:\/\/jf-moinhosdagandara.pt\/index.php?rest_route=%2Fwp%2Fv2%2Ftags&post=4734"}],"curies":[{"name":"wp","href":"https:\/\/api.w.org\/{rel}","templated":true}]}}