{"id":4766,"date":"2023-04-11T14:00:59","date_gmt":"2023-04-11T14:00:59","guid":{"rendered":"https:\/\/jf-moinhosdagandara.pt\/?p=4766"},"modified":"2023-04-11T14:01:03","modified_gmt":"2023-04-11T14:01:03","slug":"vagas-de-abril-para-o-curso-de-tecnico-a-de-medicoes-e-orcamentos_figueira-da-foz_aprendizagem-de-jovens","status":"publish","type":"post","link":"https:\/\/jf-moinhosdagandara.pt\/?p=4766","title":{"rendered":"Vagas de Abril para o Curso de T\u00e9cnico\/a de Medi\u00e7\u00f5es e Or\u00e7amentos_Figueira da Foz_Aprendizagem de Jovens"},"content":{"rendered":"\n<p>Divulga\u00e7\u00e3o do Curso de Aprendizagem de Jovens \u2013 Curso de T\u00e9cnico\/a de Medi\u00e7\u00f5es e Or\u00e7amentos a decorrer no Centro de Forma\u00e7\u00e3o da Talentus na Figueira da Foz.<\/p>\n\n\n\n<p>Temos data prevista de in\u00edcio a 20 de abril, e ainda temos vagas por preencher.<\/p>\n\n\n\n<p>Envio abaixo e em anexo o plano curricular e a ficha de inscri\u00e7\u00e3o caso pretendam transmitir a poss\u00edveis interessados\/as.<\/p>\n\n\n\n<figure class=\"wp-block-image\"><img decoding=\"async\" src=\"https:\/\/mail.google.com\/mail\/u\/0?ui=2&amp;ik=9632ea0f68&amp;attid=0.0.2&amp;permmsgid=msg-f:1762869168474933292&amp;th=1876f82b2c6fc82c&amp;view=fimg&amp;fur=ip&amp;sz=s0-l75-ft&amp;attbid=ANGjdJ_1UJYaX-_xLpRtlNLc7RWMCPH-EGgK1PRXlby2ZKy0P-l7HEKvGV07LrxUH33bUbW_JjyGsamxAzTd7YTfZYPgO3_qztYgFjvrJhUerrAZwFdWC5K-EnMqAj0&amp;disp=emb\" alt=\"\"\/><\/figure>\n\n\n\n<p><\/p>\n\n\n\n<figure class=\"wp-block-image\"><img decoding=\"async\" src=\"https:\/\/mail.google.com\/mail\/u\/0?ui=2&amp;ik=9632ea0f68&amp;attid=0.0.1&amp;permmsgid=msg-f:1762869168474933292&amp;th=1876f82b2c6fc82c&amp;view=fimg&amp;fur=ip&amp;sz=s0-l75-ft&amp;attbid=ANGjdJ_CU2QvAbAl2_goAfkbEHYdTo2vCdfDXgx4zD42nD6rFu4naCw7gws6IoEMXLpauq2axkeOT2I8lMKzlJI3sElnMiuczpUZO4u9zll3mp6arusWv6ISHGUXW2I&amp;disp=emb\" alt=\"\"\/><\/figure>\n\n\n\n<p><a href=\"http:\/\/www.talentus.pt\/contactos6_2018.aspx\" target=\"_blank\" rel=\"noreferrer noopener\"><\/a><\/p>\n","protected":false},"excerpt":{"rendered":"<p>Divulga\u00e7\u00e3o do Curso de Aprendizagem de Jovens \u2013 Curso de T\u00e9cnico\/a de Medi\u00e7\u00f5es e Or\u00e7amentos a decorrer no Centro de Forma\u00e7\u00e3o da Talentus na Figueira da Foz. Temos data prevista de in\u00edcio a 20 de abril, e ainda temos vagas por preencher. Envio abaixo e em anexo o plano curricular e a ficha de inscri\u00e7\u00e3o caso pretendam transmitir a poss\u00edveis interessados\/as.<\/p>\n","protected":false},"author":1,"featured_media":4767,"comment_status":"closed","ping_status":"closed","sticky":false,"template":"","format":"standard","meta":{"om_disable_all_campaigns":false,"_monsterinsights_skip_tracking":false,"_monsterinsights_sitenote_active":false,"_monsterinsights_sitenote_note":"","_monsterinsights_sitenote_category":0,"powered_cache_disable_cache":false,"powered_cache_disable_lazyload":false,"_jetpack_memberships_contains_paid_content":false,"footnotes":""},"categories":[12],"tags":[],"class_list":["post-4766","post","type-post","status-publish","format-standard","has-post-thumbnail","hentry","category-noticias"],"aioseo_notices":[],"jetpack_featured_media_url":"https:\/\/jf-moinhosdagandara.pt\/wp-content\/uploads\/2023\/04\/1-4.png","blog_post_layout_featured_media_urls":{"thumbnail":["https:\/\/jf-moinhosdagandara.pt\/wp-content\/uploads\/2023\/04\/1-4-150x150.png",150,150,true],"full":["https:\/\/jf-moinhosdagandara.pt\/wp-content\/uploads\/2023\/04\/1-4.png",205,220,false]},"categories_names":{"12":{"name":"Noticias","link":"https:\/\/jf-moinhosdagandara.pt\/?cat=12"}},"tags_names":[],"comments_number":"0","jetpack_sharing_enabled":true,"_links":{"self":[{"href":"https:\/\/jf-moinhosdagandara.pt\/index.php?rest_route=\/wp\/v2\/posts\/4766","targetHints":{"allow":["GET"]}}],"collection":[{"href":"https:\/\/jf-moinhosdagandara.pt\/index.php?rest_route=\/wp\/v2\/posts"}],"about":[{"href":"https:\/\/jf-moinhosdagandara.pt\/index.php?rest_route=\/wp\/v2\/types\/post"}],"author":[{"embeddable":true,"href":"https:\/\/jf-moinhosdagandara.pt\/index.php?rest_route=\/wp\/v2\/users\/1"}],"replies":[{"embeddable":true,"href":"https:\/\/jf-moinhosdagandara.pt\/index.php?rest_route=%2Fwp%2Fv2%2Fcomments&post=4766"}],"version-history":[{"count":1,"href":"https:\/\/jf-moinhosdagandara.pt\/index.php?rest_route=\/wp\/v2\/posts\/4766\/revisions"}],"predecessor-version":[{"id":4768,"href":"https:\/\/jf-moinhosdagandara.pt\/index.php?rest_route=\/wp\/v2\/posts\/4766\/revisions\/4768"}],"wp:featuredmedia":[{"embeddable":true,"href":"https:\/\/jf-moinhosdagandara.pt\/index.php?rest_route=\/wp\/v2\/media\/4767"}],"wp:attachment":[{"href":"https:\/\/jf-moinhosdagandara.pt\/index.php?rest_route=%2Fwp%2Fv2%2Fmedia&parent=4766"}],"wp:term":[{"taxonomy":"category","embeddable":true,"href":"https:\/\/jf-moinhosdagandara.pt\/index.php?rest_route=%2Fwp%2Fv2%2Fcategories&post=4766"},{"taxonomy":"post_tag","embeddable":true,"href":"https:\/\/jf-moinhosdagandara.pt\/index.php?rest_route=%2Fwp%2Fv2%2Ftags&post=4766"}],"curies":[{"name":"wp","href":"https:\/\/api.w.org\/{rel}","templated":true}]}}