{"id":4779,"date":"2023-04-13T17:37:31","date_gmt":"2023-04-13T17:37:31","guid":{"rendered":"https:\/\/jf-moinhosdagandara.pt\/?p=4779"},"modified":"2023-04-13T17:37:36","modified_gmt":"2023-04-13T17:37:36","slug":"campanha-oficial-de-vacinacao-antirrabica-2023","status":"publish","type":"post","link":"https:\/\/jf-moinhosdagandara.pt\/?p=4779","title":{"rendered":"Campanha oficial de vacina\u00e7\u00e3o Antirr\u00e1bica 2023"},"content":{"rendered":"\n<p>PROFILAXIA DA RAIVA E OUTRAS ZOONOSES<br>VACINA\u00c7\u00c3O ANTIRR\u00c1BICA<br>Susana Guedes Pombo, Diretora Geral de Alimenta\u00e7\u00e3o e Veterin\u00e1ria, em cumprimento<br>do disposto no Decreto-Lei n.\u00ba 314\/2003, de 17 de dezembro, de acordo com o artigo<br>1\u00ba do programa anexo \u00e0 Portaria n.\u00ba 264\/2013, de 16 de agosto, que estabelece a<br>obrigatoriedade de todos os c\u00e3es com mais de tr\u00eas meses de idade presentes no<br>territ\u00f3rio nacional disporem de vacina antirr\u00e1bica v\u00e1lida, e com o Decreto-Lei n.\u00ba<br>82\/2019, de 27 de junho, e em conformidade com o Despacho n.\u00ba 3739\/2023, de 15 de<br>mar\u00e7o, publicado no Di\u00e1rio da Rep\u00fablica, 2\u00aa s\u00e9rie, n.\u00ba 59, 23 de mar\u00e7o, determina para<br>o ano de 2023 a realiza\u00e7\u00e3o de campanha oficial de vacina\u00e7\u00e3o antirr\u00e1bica e de controlo<br>de outras zoonoses.<\/p>\n\n\n\n<figure class=\"wp-block-image size-large\"><a href=\"https:\/\/jf-moinhosdagandara.pt\/wp-content\/uploads\/2023\/04\/1-5.png\"><img fetchpriority=\"high\" decoding=\"async\" width=\"758\" height=\"1024\" src=\"https:\/\/jf-moinhosdagandara.pt\/wp-content\/uploads\/2023\/04\/1-5-758x1024.png\" alt=\"\" class=\"wp-image-4780\" srcset=\"https:\/\/jf-moinhosdagandara.pt\/wp-content\/uploads\/2023\/04\/1-5-758x1024.png 758w, https:\/\/jf-moinhosdagandara.pt\/wp-content\/uploads\/2023\/04\/1-5-222x300.png 222w, https:\/\/jf-moinhosdagandara.pt\/wp-content\/uploads\/2023\/04\/1-5-768x1038.png 768w, https:\/\/jf-moinhosdagandara.pt\/wp-content\/uploads\/2023\/04\/1-5-1137x1536.png 1137w, https:\/\/jf-moinhosdagandara.pt\/wp-content\/uploads\/2023\/04\/1-5.png 1341w\" sizes=\"(max-width: 758px) 100vw, 758px\" \/><\/a><\/figure>\n\n\n\n<figure class=\"wp-block-image size-large\"><a href=\"https:\/\/jf-moinhosdagandara.pt\/wp-content\/uploads\/2023\/04\/2.png\"><img decoding=\"async\" width=\"759\" height=\"1024\" src=\"https:\/\/jf-moinhosdagandara.pt\/wp-content\/uploads\/2023\/04\/2-759x1024.png\" alt=\"\" class=\"wp-image-4781\" srcset=\"https:\/\/jf-moinhosdagandara.pt\/wp-content\/uploads\/2023\/04\/2-759x1024.png 759w, https:\/\/jf-moinhosdagandara.pt\/wp-content\/uploads\/2023\/04\/2-222x300.png 222w, https:\/\/jf-moinhosdagandara.pt\/wp-content\/uploads\/2023\/04\/2-768x1036.png 768w, https:\/\/jf-moinhosdagandara.pt\/wp-content\/uploads\/2023\/04\/2-1138x1536.png 1138w, https:\/\/jf-moinhosdagandara.pt\/wp-content\/uploads\/2023\/04\/2.png 1343w\" sizes=\"(max-width: 759px) 100vw, 759px\" \/><\/a><\/figure>\n\n\n\n<figure class=\"wp-block-image size-large\"><a href=\"https:\/\/jf-moinhosdagandara.pt\/wp-content\/uploads\/2023\/04\/3.png\"><img decoding=\"async\" width=\"1024\" height=\"1022\" src=\"https:\/\/jf-moinhosdagandara.pt\/wp-content\/uploads\/2023\/04\/3-1024x1022.png\" alt=\"\" class=\"wp-image-4782\" srcset=\"https:\/\/jf-moinhosdagandara.pt\/wp-content\/uploads\/2023\/04\/3-1024x1022.png 1024w, https:\/\/jf-moinhosdagandara.pt\/wp-content\/uploads\/2023\/04\/3-300x300.png 300w, https:\/\/jf-moinhosdagandara.pt\/wp-content\/uploads\/2023\/04\/3-150x150.png 150w, https:\/\/jf-moinhosdagandara.pt\/wp-content\/uploads\/2023\/04\/3-768x767.png 768w, https:\/\/jf-moinhosdagandara.pt\/wp-content\/uploads\/2023\/04\/3.png 1330w\" sizes=\"(max-width: 1024px) 100vw, 1024px\" \/><\/a><\/figure>\n\n\n\n<figure class=\"wp-block-image size-large\"><a href=\"https:\/\/jf-moinhosdagandara.pt\/wp-content\/uploads\/2023\/04\/4.png\"><img loading=\"lazy\" decoding=\"async\" width=\"1262\" height=\"1797\" src=\"https:\/\/jf-moinhosdagandara.pt\/wp-content\/uploads\/2023\/04\/4-719x1024.png\" alt=\"\" class=\"wp-image-4783\" srcset=\"https:\/\/jf-moinhosdagandara.pt\/wp-content\/uploads\/2023\/04\/4-719x1024.png 719w, https:\/\/jf-moinhosdagandara.pt\/wp-content\/uploads\/2023\/04\/4-211x300.png 211w, https:\/\/jf-moinhosdagandara.pt\/wp-content\/uploads\/2023\/04\/4-768x1094.png 768w, https:\/\/jf-moinhosdagandara.pt\/wp-content\/uploads\/2023\/04\/4-1079x1536.png 1079w, https:\/\/jf-moinhosdagandara.pt\/wp-content\/uploads\/2023\/04\/4.png 1262w\" sizes=\"(max-width: 1262px) 100vw, 1262px\" \/><\/a><\/figure>\n","protected":false},"excerpt":{"rendered":"<p>PROFILAXIA DA RAIVA E OUTRAS ZOONOSESVACINA\u00c7\u00c3O ANTIRR\u00c1BICASusana Guedes Pombo, Diretora Geral de Alimenta\u00e7\u00e3o e Veterin\u00e1ria, em cumprimentodo disposto no Decreto-Lei n.\u00ba 314\/2003, de 17 de dezembro, de acordo com o artigo1\u00ba do programa anexo \u00e0 Portaria n.\u00ba 264\/2013, de 16 de agosto, que estabelece aobrigatoriedade de todos os c\u00e3es com mais de tr\u00eas meses de idade presentes noterrit\u00f3rio nacional disporem de vacina antirr\u00e1bica v\u00e1lida, e com o Decreto-Lei n.\u00ba82\/2019, de 27 de junho, e em conformidade com o Despacho n.\u00ba 3739\/2023, de 15 demar\u00e7o, publicado no Di\u00e1rio da Rep\u00fablica, 2\u00aa s\u00e9rie, n.\u00ba 59, 23 de mar\u00e7o, determina parao ano de 2023 a realiza\u00e7\u00e3o de campanha oficial de vacina\u00e7\u00e3o antirr\u00e1bica e de controlode outras zoonoses.<\/p>\n","protected":false},"author":1,"featured_media":4784,"comment_status":"closed","ping_status":"closed","sticky":false,"template":"","format":"standard","meta":{"om_disable_all_campaigns":false,"_monsterinsights_skip_tracking":false,"_monsterinsights_sitenote_active":false,"_monsterinsights_sitenote_note":"","_monsterinsights_sitenote_category":0,"powered_cache_disable_cache":false,"powered_cache_disable_lazyload":false,"_jetpack_memberships_contains_paid_content":false,"footnotes":""},"categories":[12],"tags":[],"class_list":["post-4779","post","type-post","status-publish","format-standard","has-post-thumbnail","hentry","category-noticias"],"aioseo_notices":[],"jetpack_featured_media_url":"https:\/\/jf-moinhosdagandara.pt\/wp-content\/uploads\/2023\/04\/5.png","blog_post_layout_featured_media_urls":{"thumbnail":["https:\/\/jf-moinhosdagandara.pt\/wp-content\/uploads\/2023\/04\/5-150x150.png",150,150,true],"full":["https:\/\/jf-moinhosdagandara.pt\/wp-content\/uploads\/2023\/04\/5.png",266,170,false]},"categories_names":{"12":{"name":"Noticias","link":"https:\/\/jf-moinhosdagandara.pt\/?cat=12"}},"tags_names":[],"comments_number":"0","jetpack_sharing_enabled":true,"_links":{"self":[{"href":"https:\/\/jf-moinhosdagandara.pt\/index.php?rest_route=\/wp\/v2\/posts\/4779","targetHints":{"allow":["GET"]}}],"collection":[{"href":"https:\/\/jf-moinhosdagandara.pt\/index.php?rest_route=\/wp\/v2\/posts"}],"about":[{"href":"https:\/\/jf-moinhosdagandara.pt\/index.php?rest_route=\/wp\/v2\/types\/post"}],"author":[{"embeddable":true,"href":"https:\/\/jf-moinhosdagandara.pt\/index.php?rest_route=\/wp\/v2\/users\/1"}],"replies":[{"embeddable":true,"href":"https:\/\/jf-moinhosdagandara.pt\/index.php?rest_route=%2Fwp%2Fv2%2Fcomments&post=4779"}],"version-history":[{"count":1,"href":"https:\/\/jf-moinhosdagandara.pt\/index.php?rest_route=\/wp\/v2\/posts\/4779\/revisions"}],"predecessor-version":[{"id":4785,"href":"https:\/\/jf-moinhosdagandara.pt\/index.php?rest_route=\/wp\/v2\/posts\/4779\/revisions\/4785"}],"wp:featuredmedia":[{"embeddable":true,"href":"https:\/\/jf-moinhosdagandara.pt\/index.php?rest_route=\/wp\/v2\/media\/4784"}],"wp:attachment":[{"href":"https:\/\/jf-moinhosdagandara.pt\/index.php?rest_route=%2Fwp%2Fv2%2Fmedia&parent=4779"}],"wp:term":[{"taxonomy":"category","embeddable":true,"href":"https:\/\/jf-moinhosdagandara.pt\/index.php?rest_route=%2Fwp%2Fv2%2Fcategories&post=4779"},{"taxonomy":"post_tag","embeddable":true,"href":"https:\/\/jf-moinhosdagandara.pt\/index.php?rest_route=%2Fwp%2Fv2%2Ftags&post=4779"}],"curies":[{"name":"wp","href":"https:\/\/api.w.org\/{rel}","templated":true}]}}