{"id":4883,"date":"2023-06-07T08:37:06","date_gmt":"2023-06-07T08:37:06","guid":{"rendered":"https:\/\/jf-moinhosdagandara.pt\/?p=4883"},"modified":"2023-06-07T08:37:09","modified_gmt":"2023-06-07T08:37:09","slug":"jmj-2023-concerto-coro-cod-coimbra-25-06-2023","status":"publish","type":"post","link":"https:\/\/jf-moinhosdagandara.pt\/?p=4883","title":{"rendered":"JMJ 2023 &#8211; Concerto Coro COD Coimbra 25.06.2023"},"content":{"rendered":"\n<figure class=\"wp-block-image size-full\"><a href=\"https:\/\/jf-moinhosdagandara.pt\/wp-content\/uploads\/2023\/06\/PostCoro.jpg\"><img fetchpriority=\"high\" decoding=\"async\" width=\"960\" height=\"960\" src=\"https:\/\/jf-moinhosdagandara.pt\/wp-content\/uploads\/2023\/06\/PostCoro.jpg\" alt=\"\" class=\"wp-image-4884\" srcset=\"https:\/\/jf-moinhosdagandara.pt\/wp-content\/uploads\/2023\/06\/PostCoro.jpg 960w, https:\/\/jf-moinhosdagandara.pt\/wp-content\/uploads\/2023\/06\/PostCoro-300x300.jpg 300w, https:\/\/jf-moinhosdagandara.pt\/wp-content\/uploads\/2023\/06\/PostCoro-150x150.jpg 150w, https:\/\/jf-moinhosdagandara.pt\/wp-content\/uploads\/2023\/06\/PostCoro-768x768.jpg 768w\" sizes=\"(max-width: 960px) 100vw, 960px\" \/><\/a><\/figure>\n\n\n\n<p><strong>\u201cH\u00e1 Pressa no Ar\u201d \u00e9 o t\u00edtulo do hino das Jornadas Mundiais da Juventude 2023, mas \u00e9 tamb\u00e9m o nome da tour de concertos do Coro do COD Coimbra!<br>O pr\u00f3ximo concerto \u00e9 j\u00e1 no dia 25 de junho \u00e0s 17h, no Centro de Artes e Espet\u00e1culos da Figueira da Foz.<br>Agarra j\u00e1 o teu bilhete na&nbsp;<a href=\"http:\/\/ticketline.pt\/\" target=\"_blank\" rel=\"noreferrer noopener\">ticketline.pt<\/a>&nbsp;ou na bilheteira local.<br>Garante o teu lugar na fila da frente !!<\/strong><\/p>\n\n\n\n<p><strong>@cotfaroldomondegojmj<\/strong><\/p>\n","protected":false},"excerpt":{"rendered":"<p>\u201cH\u00e1 Pressa no Ar\u201d \u00e9 o t\u00edtulo do hino das Jornadas Mundiais da Juventude 2023, mas \u00e9 tamb\u00e9m o nome da tour de concertos do Coro do COD Coimbra!O pr\u00f3ximo concerto \u00e9 j\u00e1 no dia 25 de junho \u00e0s 17h, no Centro de Artes e Espet\u00e1culos da Figueira da Foz.Agarra j\u00e1 o teu bilhete na&nbsp;ticketline.pt&nbsp;ou na bilheteira local.Garante o teu lugar na fila da frente !! @cotfaroldomondegojmj<\/p>\n","protected":false},"author":1,"featured_media":4885,"comment_status":"closed","ping_status":"closed","sticky":false,"template":"","format":"standard","meta":{"om_disable_all_campaigns":false,"_monsterinsights_skip_tracking":false,"_monsterinsights_sitenote_active":false,"_monsterinsights_sitenote_note":"","_monsterinsights_sitenote_category":0,"powered_cache_disable_cache":false,"powered_cache_disable_lazyload":false,"_jetpack_memberships_contains_paid_content":false,"footnotes":""},"categories":[12],"tags":[],"class_list":["post-4883","post","type-post","status-publish","format-standard","has-post-thumbnail","hentry","category-noticias"],"aioseo_notices":[],"jetpack_featured_media_url":"https:\/\/jf-moinhosdagandara.pt\/wp-content\/uploads\/2023\/06\/1.png","blog_post_layout_featured_media_urls":{"thumbnail":["https:\/\/jf-moinhosdagandara.pt\/wp-content\/uploads\/2023\/06\/1-150x126.png",150,126,true],"full":["https:\/\/jf-moinhosdagandara.pt\/wp-content\/uploads\/2023\/06\/1.png",184,126,false]},"categories_names":{"12":{"name":"Noticias","link":"https:\/\/jf-moinhosdagandara.pt\/?cat=12"}},"tags_names":[],"comments_number":"0","jetpack_sharing_enabled":true,"_links":{"self":[{"href":"https:\/\/jf-moinhosdagandara.pt\/index.php?rest_route=\/wp\/v2\/posts\/4883","targetHints":{"allow":["GET"]}}],"collection":[{"href":"https:\/\/jf-moinhosdagandara.pt\/index.php?rest_route=\/wp\/v2\/posts"}],"about":[{"href":"https:\/\/jf-moinhosdagandara.pt\/index.php?rest_route=\/wp\/v2\/types\/post"}],"author":[{"embeddable":true,"href":"https:\/\/jf-moinhosdagandara.pt\/index.php?rest_route=\/wp\/v2\/users\/1"}],"replies":[{"embeddable":true,"href":"https:\/\/jf-moinhosdagandara.pt\/index.php?rest_route=%2Fwp%2Fv2%2Fcomments&post=4883"}],"version-history":[{"count":1,"href":"https:\/\/jf-moinhosdagandara.pt\/index.php?rest_route=\/wp\/v2\/posts\/4883\/revisions"}],"predecessor-version":[{"id":4886,"href":"https:\/\/jf-moinhosdagandara.pt\/index.php?rest_route=\/wp\/v2\/posts\/4883\/revisions\/4886"}],"wp:featuredmedia":[{"embeddable":true,"href":"https:\/\/jf-moinhosdagandara.pt\/index.php?rest_route=\/wp\/v2\/media\/4885"}],"wp:attachment":[{"href":"https:\/\/jf-moinhosdagandara.pt\/index.php?rest_route=%2Fwp%2Fv2%2Fmedia&parent=4883"}],"wp:term":[{"taxonomy":"category","embeddable":true,"href":"https:\/\/jf-moinhosdagandara.pt\/index.php?rest_route=%2Fwp%2Fv2%2Fcategories&post=4883"},{"taxonomy":"post_tag","embeddable":true,"href":"https:\/\/jf-moinhosdagandara.pt\/index.php?rest_route=%2Fwp%2Fv2%2Ftags&post=4883"}],"curies":[{"name":"wp","href":"https:\/\/api.w.org\/{rel}","templated":true}]}}