{"id":5007,"date":"2023-09-22T08:52:57","date_gmt":"2023-09-22T08:52:57","guid":{"rendered":"https:\/\/jf-moinhosdagandara.pt\/?p=5007"},"modified":"2023-09-22T08:53:05","modified_gmt":"2023-09-22T08:53:05","slug":"conclusao-4o-9o-ano-ou-12o-ano-de-escolaridade-e-certificacao-profissional-de-nivel-2-e-4","status":"publish","type":"post","link":"https:\/\/jf-moinhosdagandara.pt\/?p=5007","title":{"rendered":"CONCLUS\u00c3O 4\u00ba, 9\u00ba ANO ou 12\u00ba ANO DE ESCOLARIDADE E CERTIFICA\u00c7\u00c3O PROFISSIONAL DE N\u00cdVEL 2 E 4"},"content":{"rendered":"\n<figure class=\"wp-block-image size-full\"><a href=\"https:\/\/jf-moinhosdagandara.pt\/wp-content\/uploads\/2023\/09\/CQ-Divulgacao-RVCC_TODASAreas-2023_VF.jpg\"><img fetchpriority=\"high\" decoding=\"async\" width=\"960\" height=\"720\" src=\"https:\/\/jf-moinhosdagandara.pt\/wp-content\/uploads\/2023\/09\/CQ-Divulgacao-RVCC_TODASAreas-2023_VF.jpg\" alt=\"\" class=\"wp-image-5008\" srcset=\"https:\/\/jf-moinhosdagandara.pt\/wp-content\/uploads\/2023\/09\/CQ-Divulgacao-RVCC_TODASAreas-2023_VF.jpg 960w, https:\/\/jf-moinhosdagandara.pt\/wp-content\/uploads\/2023\/09\/CQ-Divulgacao-RVCC_TODASAreas-2023_VF-300x225.jpg 300w, https:\/\/jf-moinhosdagandara.pt\/wp-content\/uploads\/2023\/09\/CQ-Divulgacao-RVCC_TODASAreas-2023_VF-768x576.jpg 768w\" sizes=\"(max-width: 960px) 100vw, 960px\" \/><\/a><\/figure>\n\n\n\n<p>\ud83d\udcda No \u00e2mbito da interven\u00e7\u00e3o do Centro Qualifica_Montemor, temos o prazer de informar que no decorrer do m\u00eas de outubro iniciaremos os Processos de Certifica\u00e7\u00e3o \u2013 RVCC Escolar. Isso possibilitar\u00e1 a obten\u00e7\u00e3o\/conclus\u00e3o do 4\u00ba, 6\u00ba, 9\u00ba ou 12\u00ba ano de escolaridade. Al\u00e9m disso, oferecemos o RVCC Profissional para a obten\u00e7\u00e3o de qualifica\u00e7\u00f5es profissionais de n\u00edvel 2 ou 4 em diversas \u00e1reas.<\/p>\n\n\n\n<p>\ud83c\udfeb Estamos localizados na Escola Profissional de Desenvolvimento Rural do Baixo Mondego, junto ao Intermarch\u00e9, em Montemor-o-Velho. Oferecemos flexibilidade de hor\u00e1rios, levando em conta a disponibilidade dos candidatos.<\/p>\n\n\n\n<p>\ud83d\udce3 Pedimos a sua colabora\u00e7\u00e3o na divulga\u00e7\u00e3o deste servi\u00e7o entre os seus colaboradores e qualquer pessoa que esteja interessada em elevar o seu n\u00edvel de escolaridade ou obter uma qualifica\u00e7\u00e3o profissional. Em caso de interesse, a inscri\u00e7\u00e3o est\u00e1 dispon\u00edvel em: <a href=\"https:\/\/forms.gle\/LzEenarf7J1EGeCXA\">Link de Inscri\u00e7\u00e3o<\/a>. Isto permitir\u00e1 que possamos entrar em contato para os pr\u00f3ximos passos.<\/p>\n\n\n\n<p>\ud83d\ude97 Al\u00e9m disso, a nossa equipa t\u00e9cnica est\u00e1 dispon\u00edvel para visitar diferentes entidades e territ\u00f3rios, oferecendo informa\u00e7\u00f5es detalhadas sobre as modalidades de educa\u00e7\u00e3o e forma\u00e7\u00e3o dispon\u00edveis para a popula\u00e7\u00e3o adulta, bem como sobre o pr\u00f3prio Processo RVCC.<\/p>\n\n\n\n<p>Contamos com o seu apoio para alcan\u00e7armos o maior n\u00famero de pessoas poss\u00edvel e contribuir para o desenvolvimento educacional e profissional da nossa comunidade!<\/p>\n\n\n\n<p>#Educa\u00e7\u00e3oMontemor #Qualifica\u00e7\u00e3oProfissional #RVCC #CentroQualificaMontemor<\/p>\n","protected":false},"excerpt":{"rendered":"<p>\ud83d\udcda No \u00e2mbito da interven\u00e7\u00e3o do Centro Qualifica_Montemor, temos o prazer de informar que no decorrer do m\u00eas de outubro iniciaremos os Processos de Certifica\u00e7\u00e3o \u2013 RVCC Escolar. Isso possibilitar\u00e1 a obten\u00e7\u00e3o\/conclus\u00e3o do 4\u00ba, 6\u00ba, 9\u00ba ou 12\u00ba ano de escolaridade. Al\u00e9m disso, oferecemos o RVCC Profissional para a obten\u00e7\u00e3o de qualifica\u00e7\u00f5es profissionais de n\u00edvel 2 ou 4 em diversas \u00e1reas. \ud83c\udfeb Estamos localizados na Escola Profissional de Desenvolvimento Rural do Baixo Mondego, junto ao Intermarch\u00e9, em Montemor-o-Velho. Oferecemos flexibilidade de hor\u00e1rios, levando em conta a disponibilidade dos candidatos. \ud83d\udce3 Pedimos a sua colabora\u00e7\u00e3o na divulga\u00e7\u00e3o deste servi\u00e7o entre os seus colaboradores e qualquer pessoa que esteja interessada em elevar o seu n\u00edvel de escolaridade ou obter uma qualifica\u00e7\u00e3o profissional. Em caso de interesse, a inscri\u00e7\u00e3o est\u00e1 dispon\u00edvel em: Link de Inscri\u00e7\u00e3o. Isto permitir\u00e1 que possamos entrar em contato para os pr\u00f3ximos passos. \ud83d\ude97 Al\u00e9m disso, a nossa equipa t\u00e9cnica est\u00e1 dispon\u00edvel para visitar diferentes entidades e territ\u00f3rios, oferecendo informa\u00e7\u00f5es detalhadas sobre as modalidades de educa\u00e7\u00e3o e forma\u00e7\u00e3o dispon\u00edveis para a popula\u00e7\u00e3o adulta, bem como sobre o pr\u00f3prio Processo RVCC. Contamos com o seu apoio para alcan\u00e7armos o maior n\u00famero de pessoas poss\u00edvel e contribuir para o desenvolvimento educacional e profissional da nossa comunidade! #Educa\u00e7\u00e3oMontemor #Qualifica\u00e7\u00e3oProfissional #RVCC #CentroQualificaMontemor<\/p>\n","protected":false},"author":1,"featured_media":5009,"comment_status":"closed","ping_status":"closed","sticky":false,"template":"","format":"standard","meta":{"om_disable_all_campaigns":false,"_monsterinsights_skip_tracking":false,"_monsterinsights_sitenote_active":false,"_monsterinsights_sitenote_note":"","_monsterinsights_sitenote_category":0,"powered_cache_disable_cache":false,"powered_cache_disable_lazyload":false,"_jetpack_memberships_contains_paid_content":false,"footnotes":""},"categories":[12],"tags":[],"class_list":["post-5007","post","type-post","status-publish","format-standard","has-post-thumbnail","hentry","category-noticias"],"aioseo_notices":[],"jetpack_featured_media_url":"https:\/\/jf-moinhosdagandara.pt\/wp-content\/uploads\/2023\/09\/1-3.png","blog_post_layout_featured_media_urls":{"thumbnail":["https:\/\/jf-moinhosdagandara.pt\/wp-content\/uploads\/2023\/09\/1-3-150x150.png",150,150,true],"full":["https:\/\/jf-moinhosdagandara.pt\/wp-content\/uploads\/2023\/09\/1-3.png",277,191,false]},"categories_names":{"12":{"name":"Noticias","link":"https:\/\/jf-moinhosdagandara.pt\/?cat=12"}},"tags_names":[],"comments_number":"0","jetpack_sharing_enabled":true,"_links":{"self":[{"href":"https:\/\/jf-moinhosdagandara.pt\/index.php?rest_route=\/wp\/v2\/posts\/5007","targetHints":{"allow":["GET"]}}],"collection":[{"href":"https:\/\/jf-moinhosdagandara.pt\/index.php?rest_route=\/wp\/v2\/posts"}],"about":[{"href":"https:\/\/jf-moinhosdagandara.pt\/index.php?rest_route=\/wp\/v2\/types\/post"}],"author":[{"embeddable":true,"href":"https:\/\/jf-moinhosdagandara.pt\/index.php?rest_route=\/wp\/v2\/users\/1"}],"replies":[{"embeddable":true,"href":"https:\/\/jf-moinhosdagandara.pt\/index.php?rest_route=%2Fwp%2Fv2%2Fcomments&post=5007"}],"version-history":[{"count":1,"href":"https:\/\/jf-moinhosdagandara.pt\/index.php?rest_route=\/wp\/v2\/posts\/5007\/revisions"}],"predecessor-version":[{"id":5010,"href":"https:\/\/jf-moinhosdagandara.pt\/index.php?rest_route=\/wp\/v2\/posts\/5007\/revisions\/5010"}],"wp:featuredmedia":[{"embeddable":true,"href":"https:\/\/jf-moinhosdagandara.pt\/index.php?rest_route=\/wp\/v2\/media\/5009"}],"wp:attachment":[{"href":"https:\/\/jf-moinhosdagandara.pt\/index.php?rest_route=%2Fwp%2Fv2%2Fmedia&parent=5007"}],"wp:term":[{"taxonomy":"category","embeddable":true,"href":"https:\/\/jf-moinhosdagandara.pt\/index.php?rest_route=%2Fwp%2Fv2%2Fcategories&post=5007"},{"taxonomy":"post_tag","embeddable":true,"href":"https:\/\/jf-moinhosdagandara.pt\/index.php?rest_route=%2Fwp%2Fv2%2Ftags&post=5007"}],"curies":[{"name":"wp","href":"https:\/\/api.w.org\/{rel}","templated":true}]}}