{"id":5064,"date":"2023-11-11T15:10:11","date_gmt":"2023-11-11T15:10:11","guid":{"rendered":"https:\/\/jf-moinhosdagandara.pt\/?p=5064"},"modified":"2023-11-11T15:10:13","modified_gmt":"2023-11-11T15:10:13","slug":"figueira-cidade-saudavel-caminhada-de-orientacao-figueira-contra-a-diabetes-caminhada-pela-vida","status":"publish","type":"post","link":"https:\/\/jf-moinhosdagandara.pt\/?p=5064","title":{"rendered":"Figueira Cidade Saud\u00e1vel: Caminhada de Orienta\u00e7\u00e3o &#8220;Figueira Contra a Diabetes &#8211; Caminhada pela Vida&#8221;"},"content":{"rendered":"\n<p>A Unidade Coordenadora Funcional da Diabetes (UCFD), que integra os cuidados de sa\u00fade prim\u00e1rios, atrav\u00e9s do ACES Baixo Mondego, e os cuidados de sa\u00fade hospitalares, com o Hospital Distrital da Figueira da Foz, e o Programa Municipal Figueira Cidade Saud\u00e1vel em parceria com a Associa\u00e7\u00e3o Desportiva do Mondego Ori Mondego ir\u00e3o organizar uma Caminhada de Orienta\u00e7\u00e3o, denominada de&nbsp;<strong>&#8220;Figueira Contra a Diabetes &#8211; Caminhada pela Vida&#8221;&nbsp;<\/strong>dirigida \u00e0s pessoas com diabetes, seus familiares e comunidade em geral.<\/p>\n\n\n\n<p>A atividade realizar-se-\u00e1 no&nbsp;<strong><u>dia 19 de novembro<\/u><\/strong>, pelas&nbsp;<strong><u>10h00<\/u><\/strong>, junto \u00e0s&nbsp;<strong>Muralhas de Buarcos<\/strong>!<\/p>\n\n\n\n<p>As inscri\u00e7\u00f5es s\u00e3o gratuitas e est\u00e3o dispon\u00edveis em:\u00a0<a rel=\"noreferrer noopener\" href=\"https:\/\/forms.gle\/HQAYMSRhHbx3A56C9\" target=\"_blank\">https:\/\/forms.gle\/HQAYMSRhHbx3A56C9<\/a><\/p>\n\n\n\n<figure class=\"wp-block-image size-large\"><a href=\"https:\/\/jf-moinhosdagandara.pt\/wp-content\/uploads\/2023\/11\/Caminhada-de-Orientacao-_Figueira-Contra-a-Diabetes-Caminhada-pela-Vida-scaled.jpg\"><img fetchpriority=\"high\" decoding=\"async\" width=\"724\" height=\"1024\" src=\"https:\/\/jf-moinhosdagandara.pt\/wp-content\/uploads\/2023\/11\/Caminhada-de-Orientacao-_Figueira-Contra-a-Diabetes-Caminhada-pela-Vida-724x1024.jpg\" alt=\"\" class=\"wp-image-5065\" srcset=\"https:\/\/jf-moinhosdagandara.pt\/wp-content\/uploads\/2023\/11\/Caminhada-de-Orientacao-_Figueira-Contra-a-Diabetes-Caminhada-pela-Vida-724x1024.jpg 724w, https:\/\/jf-moinhosdagandara.pt\/wp-content\/uploads\/2023\/11\/Caminhada-de-Orientacao-_Figueira-Contra-a-Diabetes-Caminhada-pela-Vida-212x300.jpg 212w, https:\/\/jf-moinhosdagandara.pt\/wp-content\/uploads\/2023\/11\/Caminhada-de-Orientacao-_Figueira-Contra-a-Diabetes-Caminhada-pela-Vida-768x1086.jpg 768w, https:\/\/jf-moinhosdagandara.pt\/wp-content\/uploads\/2023\/11\/Caminhada-de-Orientacao-_Figueira-Contra-a-Diabetes-Caminhada-pela-Vida-1086x1536.jpg 1086w, https:\/\/jf-moinhosdagandara.pt\/wp-content\/uploads\/2023\/11\/Caminhada-de-Orientacao-_Figueira-Contra-a-Diabetes-Caminhada-pela-Vida-1448x2048.jpg 1448w, https:\/\/jf-moinhosdagandara.pt\/wp-content\/uploads\/2023\/11\/Caminhada-de-Orientacao-_Figueira-Contra-a-Diabetes-Caminhada-pela-Vida-scaled.jpg 1810w\" sizes=\"(max-width: 724px) 100vw, 724px\" \/><\/a><\/figure>\n","protected":false},"excerpt":{"rendered":"<p>A Unidade Coordenadora Funcional da Diabetes (UCFD), que integra os cuidados de sa\u00fade prim\u00e1rios, atrav\u00e9s do ACES Baixo Mondego, e os cuidados de sa\u00fade hospitalares, com o Hospital Distrital da Figueira da Foz, e o Programa Municipal Figueira Cidade Saud\u00e1vel em parceria com a Associa\u00e7\u00e3o Desportiva do Mondego Ori Mondego ir\u00e3o organizar uma Caminhada de Orienta\u00e7\u00e3o, denominada de&nbsp;&#8220;Figueira Contra a Diabetes &#8211; Caminhada pela Vida&#8221;&nbsp;dirigida \u00e0s pessoas com diabetes, seus familiares e comunidade em geral. A atividade realizar-se-\u00e1 no&nbsp;dia 19 de novembro, pelas&nbsp;10h00, junto \u00e0s&nbsp;Muralhas de Buarcos! As inscri\u00e7\u00f5es s\u00e3o gratuitas e est\u00e3o dispon\u00edveis em:\u00a0https:\/\/forms.gle\/HQAYMSRhHbx3A56C9<\/p>\n","protected":false},"author":1,"featured_media":5066,"comment_status":"closed","ping_status":"closed","sticky":false,"template":"","format":"standard","meta":{"om_disable_all_campaigns":false,"_monsterinsights_skip_tracking":false,"_monsterinsights_sitenote_active":false,"_monsterinsights_sitenote_note":"","_monsterinsights_sitenote_category":0,"powered_cache_disable_cache":false,"powered_cache_disable_lazyload":false,"_jetpack_memberships_contains_paid_content":false,"footnotes":""},"categories":[12],"tags":[],"class_list":["post-5064","post","type-post","status-publish","format-standard","has-post-thumbnail","hentry","category-noticias"],"aioseo_notices":[],"jetpack_featured_media_url":"https:\/\/jf-moinhosdagandara.pt\/wp-content\/uploads\/2023\/11\/1-2.png","blog_post_layout_featured_media_urls":{"thumbnail":["https:\/\/jf-moinhosdagandara.pt\/wp-content\/uploads\/2023\/11\/1-2-150x150.png",150,150,true],"full":["https:\/\/jf-moinhosdagandara.pt\/wp-content\/uploads\/2023\/11\/1-2.png",262,245,false]},"categories_names":{"12":{"name":"Noticias","link":"https:\/\/jf-moinhosdagandara.pt\/?cat=12"}},"tags_names":[],"comments_number":"0","jetpack_sharing_enabled":true,"_links":{"self":[{"href":"https:\/\/jf-moinhosdagandara.pt\/index.php?rest_route=\/wp\/v2\/posts\/5064","targetHints":{"allow":["GET"]}}],"collection":[{"href":"https:\/\/jf-moinhosdagandara.pt\/index.php?rest_route=\/wp\/v2\/posts"}],"about":[{"href":"https:\/\/jf-moinhosdagandara.pt\/index.php?rest_route=\/wp\/v2\/types\/post"}],"author":[{"embeddable":true,"href":"https:\/\/jf-moinhosdagandara.pt\/index.php?rest_route=\/wp\/v2\/users\/1"}],"replies":[{"embeddable":true,"href":"https:\/\/jf-moinhosdagandara.pt\/index.php?rest_route=%2Fwp%2Fv2%2Fcomments&post=5064"}],"version-history":[{"count":1,"href":"https:\/\/jf-moinhosdagandara.pt\/index.php?rest_route=\/wp\/v2\/posts\/5064\/revisions"}],"predecessor-version":[{"id":5067,"href":"https:\/\/jf-moinhosdagandara.pt\/index.php?rest_route=\/wp\/v2\/posts\/5064\/revisions\/5067"}],"wp:featuredmedia":[{"embeddable":true,"href":"https:\/\/jf-moinhosdagandara.pt\/index.php?rest_route=\/wp\/v2\/media\/5066"}],"wp:attachment":[{"href":"https:\/\/jf-moinhosdagandara.pt\/index.php?rest_route=%2Fwp%2Fv2%2Fmedia&parent=5064"}],"wp:term":[{"taxonomy":"category","embeddable":true,"href":"https:\/\/jf-moinhosdagandara.pt\/index.php?rest_route=%2Fwp%2Fv2%2Fcategories&post=5064"},{"taxonomy":"post_tag","embeddable":true,"href":"https:\/\/jf-moinhosdagandara.pt\/index.php?rest_route=%2Fwp%2Fv2%2Ftags&post=5064"}],"curies":[{"name":"wp","href":"https:\/\/api.w.org\/{rel}","templated":true}]}}