{"id":5237,"date":"2024-03-04T19:20:13","date_gmt":"2024-03-04T19:20:13","guid":{"rendered":"https:\/\/jf-moinhosdagandara.pt\/?p=5237"},"modified":"2024-03-04T19:20:16","modified_gmt":"2024-03-04T19:20:16","slug":"%f0%9f%93%a2%f0%9f%9a%a7-aviso-a-populacao-%f0%9f%9a%a7%f0%9f%93%a2","status":"publish","type":"post","link":"https:\/\/jf-moinhosdagandara.pt\/?p=5237","title":{"rendered":"\ud83d\udce2\ud83d\udea7 <strong>AVISO \u00c0 POPULA\u00c7\u00c3O<\/strong> \ud83d\udea7\ud83d\udce2"},"content":{"rendered":"\n<p>A C\u00e2mara Municipal da Figueira da Foz informa:<\/p>\n\n\n\n<p>Por quest\u00f5es de seguran\u00e7a, a circula\u00e7\u00e3o rodovi\u00e1ria na Rua da Fonte, Gestinha, freguesia de Moinhos da G\u00e2ndara, estar\u00e1 condicionada a partir de hoje, 4 de mar\u00e7o de 2024, devido \u00e0 Empreitada de Beneficia\u00e7\u00e3o e Pavimenta\u00e7\u00e3o realizada pela empresa Socitop, Lda.<\/p>\n\n\n\n<p>Prev\u00ea-se que esta condi\u00e7\u00e3o perdure pelos pr\u00f3ximos 90 dias.<\/p>\n\n\n\n<p>Agradecemos a compreens\u00e3o e colabora\u00e7\u00e3o de todos para garantir o sucesso desta interven\u00e7\u00e3o.<\/p>\n\n\n\n<p>Para mais informa\u00e7\u00f5es, contacte a C\u00e2mara Municipal.<\/p>\n\n\n\n<figure class=\"wp-block-image size-full\"><a href=\"https:\/\/jf-moinhosdagandara.pt\/wp-content\/uploads\/2024\/03\/Captura-de-ecra-2024-03-04-191926.png\"><img fetchpriority=\"high\" decoding=\"async\" width=\"682\" height=\"520\" src=\"https:\/\/jf-moinhosdagandara.pt\/wp-content\/uploads\/2024\/03\/Captura-de-ecra-2024-03-04-191926.png\" alt=\"\" class=\"wp-image-5238\" srcset=\"https:\/\/jf-moinhosdagandara.pt\/wp-content\/uploads\/2024\/03\/Captura-de-ecra-2024-03-04-191926.png 682w, https:\/\/jf-moinhosdagandara.pt\/wp-content\/uploads\/2024\/03\/Captura-de-ecra-2024-03-04-191926-300x229.png 300w\" sizes=\"(max-width: 682px) 100vw, 682px\" \/><\/a><\/figure>\n","protected":false},"excerpt":{"rendered":"<p>A C\u00e2mara Municipal da Figueira da Foz informa: Por quest\u00f5es de seguran\u00e7a, a circula\u00e7\u00e3o rodovi\u00e1ria na Rua da Fonte, Gestinha, freguesia de Moinhos da G\u00e2ndara, estar\u00e1 condicionada a partir de hoje, 4 de mar\u00e7o de 2024, devido \u00e0 Empreitada de Beneficia\u00e7\u00e3o e Pavimenta\u00e7\u00e3o realizada pela empresa Socitop, Lda. Prev\u00ea-se que esta condi\u00e7\u00e3o perdure pelos pr\u00f3ximos 90 dias. Agradecemos a compreens\u00e3o e colabora\u00e7\u00e3o de todos para garantir o sucesso desta interven\u00e7\u00e3o. Para mais informa\u00e7\u00f5es, contacte a C\u00e2mara Municipal.<\/p>\n","protected":false},"author":1,"featured_media":5231,"comment_status":"closed","ping_status":"closed","sticky":false,"template":"","format":"standard","meta":{"om_disable_all_campaigns":false,"_monsterinsights_skip_tracking":false,"_monsterinsights_sitenote_active":false,"_monsterinsights_sitenote_note":"","_monsterinsights_sitenote_category":0,"powered_cache_disable_cache":false,"powered_cache_disable_lazyload":false,"_jetpack_memberships_contains_paid_content":false,"footnotes":""},"categories":[12],"tags":[],"class_list":["post-5237","post","type-post","status-publish","format-standard","has-post-thumbnail","hentry","category-noticias"],"aioseo_notices":[],"jetpack_featured_media_url":"https:\/\/jf-moinhosdagandara.pt\/wp-content\/uploads\/2024\/03\/Captura-de-ecra-2024-03-03-143752.png","blog_post_layout_featured_media_urls":{"thumbnail":["https:\/\/jf-moinhosdagandara.pt\/wp-content\/uploads\/2024\/03\/Captura-de-ecra-2024-03-03-143752-150x109.png",150,109,true],"full":["https:\/\/jf-moinhosdagandara.pt\/wp-content\/uploads\/2024\/03\/Captura-de-ecra-2024-03-03-143752.png",225,109,false]},"categories_names":{"12":{"name":"Noticias","link":"https:\/\/jf-moinhosdagandara.pt\/?cat=12"}},"tags_names":[],"comments_number":"0","jetpack_sharing_enabled":true,"_links":{"self":[{"href":"https:\/\/jf-moinhosdagandara.pt\/index.php?rest_route=\/wp\/v2\/posts\/5237","targetHints":{"allow":["GET"]}}],"collection":[{"href":"https:\/\/jf-moinhosdagandara.pt\/index.php?rest_route=\/wp\/v2\/posts"}],"about":[{"href":"https:\/\/jf-moinhosdagandara.pt\/index.php?rest_route=\/wp\/v2\/types\/post"}],"author":[{"embeddable":true,"href":"https:\/\/jf-moinhosdagandara.pt\/index.php?rest_route=\/wp\/v2\/users\/1"}],"replies":[{"embeddable":true,"href":"https:\/\/jf-moinhosdagandara.pt\/index.php?rest_route=%2Fwp%2Fv2%2Fcomments&post=5237"}],"version-history":[{"count":1,"href":"https:\/\/jf-moinhosdagandara.pt\/index.php?rest_route=\/wp\/v2\/posts\/5237\/revisions"}],"predecessor-version":[{"id":5239,"href":"https:\/\/jf-moinhosdagandara.pt\/index.php?rest_route=\/wp\/v2\/posts\/5237\/revisions\/5239"}],"wp:featuredmedia":[{"embeddable":true,"href":"https:\/\/jf-moinhosdagandara.pt\/index.php?rest_route=\/wp\/v2\/media\/5231"}],"wp:attachment":[{"href":"https:\/\/jf-moinhosdagandara.pt\/index.php?rest_route=%2Fwp%2Fv2%2Fmedia&parent=5237"}],"wp:term":[{"taxonomy":"category","embeddable":true,"href":"https:\/\/jf-moinhosdagandara.pt\/index.php?rest_route=%2Fwp%2Fv2%2Fcategories&post=5237"},{"taxonomy":"post_tag","embeddable":true,"href":"https:\/\/jf-moinhosdagandara.pt\/index.php?rest_route=%2Fwp%2Fv2%2Ftags&post=5237"}],"curies":[{"name":"wp","href":"https:\/\/api.w.org\/{rel}","templated":true}]}}