{"id":5395,"date":"2024-05-14T20:29:50","date_gmt":"2024-05-14T20:29:50","guid":{"rendered":"https:\/\/jf-moinhosdagandara.pt\/?p=5395"},"modified":"2024-05-14T20:30:06","modified_gmt":"2024-05-14T20:30:06","slug":"xvii-encontro-nacional-de-riscos-com-o-alto-patrocinio-de-sua-excelencia-o-presidente-da-republica","status":"publish","type":"post","link":"https:\/\/jf-moinhosdagandara.pt\/?p=5395","title":{"rendered":"XVII Encontro Nacional de Riscos &#8211; com o Alto Patroc\u00ednio de sua Excel\u00eancia, o Presidente da Rep\u00fablica"},"content":{"rendered":"\n<figure class=\"wp-block-image size-large\"><a href=\"https:\/\/jf-moinhosdagandara.pt\/wp-content\/uploads\/2024\/05\/Captura-de-ecra-2024-05-14-212739.png\"><img fetchpriority=\"high\" decoding=\"async\" width=\"733\" height=\"1024\" src=\"https:\/\/jf-moinhosdagandara.pt\/wp-content\/uploads\/2024\/05\/Captura-de-ecra-2024-05-14-212739-733x1024.png\" alt=\"\" class=\"wp-image-5396\" srcset=\"https:\/\/jf-moinhosdagandara.pt\/wp-content\/uploads\/2024\/05\/Captura-de-ecra-2024-05-14-212739-733x1024.png 733w, https:\/\/jf-moinhosdagandara.pt\/wp-content\/uploads\/2024\/05\/Captura-de-ecra-2024-05-14-212739-215x300.png 215w, https:\/\/jf-moinhosdagandara.pt\/wp-content\/uploads\/2024\/05\/Captura-de-ecra-2024-05-14-212739-768x1073.png 768w, https:\/\/jf-moinhosdagandara.pt\/wp-content\/uploads\/2024\/05\/Captura-de-ecra-2024-05-14-212739-1099x1536.png 1099w, https:\/\/jf-moinhosdagandara.pt\/wp-content\/uploads\/2024\/05\/Captura-de-ecra-2024-05-14-212739.png 1231w\" sizes=\"(max-width: 733px) 100vw, 733px\" \/><\/a><\/figure>\n\n\n\n<figure class=\"wp-block-table\"><table><tbody><tr><td>Tendo em conta a efem\u00e9ride dos&nbsp;<strong>50 anos do 25 de abril de 1974,&nbsp;<\/strong>n\u00e3o perca a oportunidade de participar no&nbsp;<strong>XVII Encontro Nacional de Riscos&nbsp;<\/strong>sobre o tema \u201c<strong><em>Riscos, Prote\u00e7\u00e3o Civil e Cultura de Seguran\u00e7a: Discursos e Pr\u00e1ticas no Portugal Democr\u00e1tico<\/em><\/strong>\u201d. Decorrer\u00e1 presencialmente&nbsp;<strong>no dia 7 de junho de 2024<\/strong>, na&nbsp;<strong>Faculdade de Letras<\/strong>&nbsp;da&nbsp;<strong>Universidade de Coimbra<\/strong>, sendo organizado pela Associa\u00e7\u00e3o Portuguesa de Riscos, Preven\u00e7\u00e3o e Seguran\u00e7a (RISCOS), em colabora\u00e7\u00e3o com o Departamento de Geografia e Turismo, da Faculdade de Letras da Universidade de Coimbra (FLUC) e demais parceiros Institucionais.Este evento conta com o&nbsp;<strong>Alto Patroc\u00ednio de sua Excel\u00eancia o Presidente da Rep\u00fablica<\/strong>, Professor Doutor Marcelo Rebelo de Sousa.<\/td><td><img decoding=\"async\" width=\"440\" height=\"142\" src=\"https:\/\/mail.google.com\/mail\/u\/0?ui=2&amp;ik=9632ea0f68&amp;attid=0.0.11&amp;permmsgid=msg-f:1799033989068010750&amp;th=18f773e1a140b4fe&amp;view=fimg&amp;fur=ip&amp;sz=s0-l75-ft&amp;attbid=ANGjdJ8NVgIg2Mu8BpRUf9evGP9edpZ8ddpwiwndT6d3xBPJv_MrRWfNBQOIO_pvzRI9ekpYVx5fs6vNK3GpUDkf_QGKfDNORXbww50AJ1H7e_A3WX9QmLHyWuXRxQQ&amp;disp=emb\"><\/td><\/tr><\/tbody><\/table><\/figure>\n\n\n\n<p>Comunicamos que o Encontro&nbsp;<strong>est\u00e1 acreditado<\/strong>&nbsp;pela&nbsp;<strong>Escola Nacional de Bombeiros (ENB<\/strong>) como&nbsp;<strong>horas de forma\u00e7\u00e3o (6h) de Bombeiros, com registo no RNBP \u2013 Recenseamento Nacional dos Bombeiros Portugueses&nbsp;<\/strong>(<a href=\"https:\/\/xviienr.riscos.pt\/programa\/formbomb\/\" target=\"_blank\" rel=\"noreferrer noopener\">mais informa\u00e7\u00f5es<\/a>). Pelo que solicitamos que divulgue o evento junto dos Corpos de Bombeiros da sua fregueisa e conselho, e respetivo quadro de ativos. Mais informamos que o Encontro est\u00e1 tamb\u00e9m acreditado pela&nbsp;<strong>Conselho Cient\u00edfico-Pedag\u00f3gico da Forma\u00e7\u00e3o Cont\u00ednua (CCPFC)<\/strong>&nbsp;como a\u00e7\u00e3o de forma\u00e7\u00e3o geral para Professores (<a href=\"https:\/\/xvienr.riscos.pt\/programa\/formacao\/\" target=\"_blank\" rel=\"noreferrer noopener\">mais informa\u00e7\u00f5es<\/a>). Pelo que solicitamos que divulgue o evento junto dos Agrupamentos Educativos e Escolas da vossa freguesia e munic\u00edpio, bem como do seu corpo docente.<\/p>\n\n\n\n<p>O Encontro \u00e9 constitu\u00eddo por duas Sess\u00f5es e Confer\u00eancias, a de Abertura e a de Encerramento, e duas Mesas Redondas, com reputados especialistas no \u00e2mbito do direito ambiental, governan\u00e7a do risco, jornalismo e Prote\u00e7\u00e3o Civil, estando confirmados o seguintes oradores:<\/p>\n\n\n\n<figure class=\"wp-block-table\"><table><tbody><tr><td colspan=\"2\" rowspan=\"2\"><strong>Confer\u00eancia de Abertura<\/strong><strong><\/strong><\/td><td>&nbsp;<\/td><td colspan=\"11\"><strong>Mesa Redonda<\/strong><strong><\/strong><\/td><td><strong>&nbsp;<\/strong><\/td><\/tr><tr><td>&nbsp;<\/td><td colspan=\"11\"><strong>Manh\u00e3:<\/strong><strong>&nbsp;Os riscos nos espa\u00e7os p\u00fablico e privado \u2013 o equil\u00edbrio entre uma cultura de preven\u00e7\u00e3o e inseguran\u00e7a<br>e a constru\u00e7\u00e3o de uma sociedade consciente mas n\u00e3o condicionada pelo medo<\/strong><strong><\/strong><\/td><td><strong>&nbsp;<\/strong><\/td><\/tr><tr><td><img decoding=\"async\" width=\"76\" height=\"96\" src=\"https:\/\/mail.google.com\/mail\/u\/0?ui=2&amp;ik=9632ea0f68&amp;attid=0.0.1&amp;permmsgid=msg-f:1799033989068010750&amp;th=18f773e1a140b4fe&amp;view=fimg&amp;fur=ip&amp;sz=s0-l75-ft&amp;attbid=ANGjdJ90uwlflxQ_5TlEKcEffvZ9FAakSVjny6Q8NykAIbUv5cnUCWf5QNJ2atqtuqLF8a9-nsc1HGa6iv3oPauTzVD8tgGI91wtVadMM-25XMFQVXlE2rzKrBkzd6Q&amp;disp=emb\"><\/td><td><strong>Prof. Doutor Ant\u00f3nio Bet\u00e2mio de Almeida<\/strong>Professor Catedr\u00e1tico do Instituto Superior T\u00e9cnicoProfessor Em\u00e9rito da Universidade de Lisboa<\/td><td>&nbsp;<\/td><td><img loading=\"lazy\" decoding=\"async\" width=\"75\" height=\"73\" src=\"https:\/\/mail.google.com\/mail\/u\/0?ui=2&amp;ik=9632ea0f68&amp;attid=0.0.2&amp;permmsgid=msg-f:1799033989068010750&amp;th=18f773e1a140b4fe&amp;view=fimg&amp;fur=ip&amp;sz=s0-l75-ft&amp;attbid=ANGjdJ9RVthV2TgMz7iWZtN5Tzi4RS5WqZxlBEWvh99ybXNQJmT4P-mhmXHbcXiSQysuYjChsdg2D2ffebDwFxXzMR4hpCTFwCI7N0dUGWaRYEn1cXbPy4-iCkhWm0E&amp;disp=emb\"><\/td><td colspan=\"2\"><strong><em>Prof.\u00aa Doutora Alexandra Arag\u00e3o<\/em><\/strong>Professora Associada da Faculdade de Direito da Universidade de Coimbra<br>Investigadora Colaboradora do CEIS20<\/td><td colspan=\"2\"><img loading=\"lazy\" decoding=\"async\" width=\"75\" height=\"76\" src=\"https:\/\/mail.google.com\/mail\/u\/0?ui=2&amp;ik=9632ea0f68&amp;attid=0.0.3&amp;permmsgid=msg-f:1799033989068010750&amp;th=18f773e1a140b4fe&amp;view=fimg&amp;fur=ip&amp;sz=s0-l75-ft&amp;attbid=ANGjdJ9Di9ltU3HAn5qQT-8T8HYXu5s083Uetp6PCiZvXneIVn4JHVcT5gN4TTOrt-2knc0EV30Pm9bFepcRTFCKaJeRkkQ-1nZvG1IdtsfnPwHX67K7jbODRMTwPPU&amp;disp=emb\"><\/td><td colspan=\"3\"><strong>Prof. Doutor Jo\u00e3o Figueira<\/strong>Professor Auxiliar do Departamento de Filosofia, Comunica\u00e7\u00e3o e Informa\u00e7\u00e3oda Faculdade de Letras da Universidade de Coimbra<\/td><td><img loading=\"lazy\" decoding=\"async\" width=\"76\" height=\"76\" src=\"https:\/\/mail.google.com\/mail\/u\/0?ui=2&amp;ik=9632ea0f68&amp;attid=0.0.4&amp;permmsgid=msg-f:1799033989068010750&amp;th=18f773e1a140b4fe&amp;view=fimg&amp;fur=ip&amp;sz=s0-l75-ft&amp;attbid=ANGjdJ_yiD7dndbynPw9pHis-x60SMA_dtlwQCsIDJLzLjEFd_lALBXacFOlZoBNT6FUZVPjKBwkfWMZnM4UyF94eAvlOV7Q6DPi4O4NbX73v7590f7XOGR-3D-hjdk&amp;disp=emb\"><\/td><td colspan=\"2\"><strong>Prof.\u00aa Doutora Felisbela Lopes<\/strong>Professora Associada com Agrega\u00e7\u00e3o do Instituto de Ci\u00eancias Sociais da Universidade do Minho<\/td><td><\/td><\/tr><tr><td colspan=\"2\"><strong><em>RISCO:<br>um olhar, uma revisita\u00e7\u00e3o pessoal<\/em><\/strong><strong><em><\/em><\/strong><\/td><td>&nbsp;<\/td><td>&nbsp;<\/td><td colspan=\"2\">&nbsp;<\/td><td colspan=\"2\">&nbsp;<\/td><td colspan=\"3\">&nbsp;<\/td><td>&nbsp;<\/td><td colspan=\"2\">&nbsp;<\/td><td>&nbsp;<\/td><\/tr><tr><td colspan=\"2\"><strong>Confer\u00eancia de Encerramento<\/strong><\/td><td>&nbsp;<\/td><td colspan=\"12\"><strong>Tarde:&nbsp;<\/strong><strong>As din\u00e2micas, as transforma\u00e7\u00f5es e os desafios da Prote\u00e7\u00e3o Civil<\/strong><strong>no Portugal democr\u00e1tico de hoje e do futuro<\/strong><strong><\/strong><\/td><\/tr><tr><td><img loading=\"lazy\" decoding=\"async\" width=\"76\" height=\"94\" src=\"https:\/\/mail.google.com\/mail\/u\/0?ui=2&amp;ik=9632ea0f68&amp;attid=0.0.5&amp;permmsgid=msg-f:1799033989068010750&amp;th=18f773e1a140b4fe&amp;view=fimg&amp;fur=ip&amp;sz=s0-l75-ft&amp;attbid=ANGjdJ8cNj8sktem287sfI-vTQ29SLNkPZwTTyvAXPARdweyhTRsrG99o3CtxEKQRez0miOgcZt_8prBjjh8Tbn9LyqLfKAe9pY9hbv-r81cDl8RC_DMmkZJPckVisE&amp;disp=emb\"><\/td><td><strong>Doutor Ant\u00f3nio Amaro<\/strong>Professor Convidado da Universidade Novade LisboaAssociado Fundador da RISCOS<\/td><td>&nbsp;<\/td><td><img loading=\"lazy\" decoding=\"async\" width=\"79\" height=\"76\" src=\"https:\/\/mail.google.com\/mail\/u\/0?ui=2&amp;ik=9632ea0f68&amp;attid=0.0.6&amp;permmsgid=msg-f:1799033989068010750&amp;th=18f773e1a140b4fe&amp;view=fimg&amp;fur=ip&amp;sz=s0-l75-ft&amp;attbid=ANGjdJ8d8i9fRSYJ9N7dhKTQjhHBWao8A2I7qv9lj3rDF9SlVcJkvUheTrzPKxiPLRC20xeHM0XyMISuYRaeFcw0i7EGtwc7-sncsocHP0h8KCTUcqhNeEW1fuQ3_zU&amp;disp=emb\"><\/td><td colspan=\"2\"><strong>Andr\u00e9 Fernandes<\/strong>Comandante Nacional de Emerg\u00eancia e Prote\u00e7\u00e3o Civil da Autoridade Nacional de Emerg\u00eancia e Prote\u00e7\u00e3o Civil<\/td><td colspan=\"2\"><img loading=\"lazy\" decoding=\"async\" width=\"76\" height=\"91\" src=\"https:\/\/mail.google.com\/mail\/u\/0?ui=2&amp;ik=9632ea0f68&amp;attid=0.0.7&amp;permmsgid=msg-f:1799033989068010750&amp;th=18f773e1a140b4fe&amp;view=fimg&amp;fur=ip&amp;sz=s0-l75-ft&amp;attbid=ANGjdJ-7xNwf_STscJWktLTt4EFOYQ8B7EVYN6TG0ODQkuT2zn8f0V6ihlRicJ6AhS04u1E0_NT1MwzyYg9qDy0t1RnN46R05m8nb2TdBmqwaenA0AJKuFUAjklgNXw&amp;disp=emb\"><strong><\/strong><\/td><td colspan=\"3\"><strong>Marco Martins<\/strong>Vice-Presidente do Conselho Executivo da Liga dos Bombeiros Portugueses<\/td><td><img loading=\"lazy\" decoding=\"async\" width=\"73\" height=\"76\" src=\"https:\/\/mail.google.com\/mail\/u\/0?ui=2&amp;ik=9632ea0f68&amp;attid=0.0.12&amp;permmsgid=msg-f:1799033989068010750&amp;th=18f773e1a140b4fe&amp;view=fimg&amp;fur=ip&amp;sz=s0-l75-ft&amp;attbid=ANGjdJ-0oZQV7rA-Cv4_r5QVV5DuOMtyADiKezM7_8V9Eu1e8nQYisF0UkLlvsEDGsH4PUYNEfoMK06ue12ZBul-3cFvfGR0SaycrkKWTcU2vPIALmFnicWEoxOlU5U&amp;disp=emb\"><\/td><td colspan=\"3\"><strong>Jo\u00e3o Gomes (surdo portugu\u00eas)<\/strong>Coordenador Internacional de Prote\u00e7\u00e3o Civil da Federa\u00e7\u00e3o Mundial das L\u00ednguas Gestuais<\/td><\/tr><tr><td colspan=\"2\"><strong><em>Desafios e Caminhos da Prote\u00e7\u00e3o Civil no Portugal Democr\u00e1tico<\/em><\/strong><strong><em><\/em><\/strong><\/td><td>&nbsp;<\/td><td>&nbsp;<\/td><td colspan=\"2\">&nbsp;<\/td><td colspan=\"2\">&nbsp;<\/td><td colspan=\"3\">&nbsp;<\/td><td>&nbsp;<\/td><td colspan=\"2\">&nbsp;<\/td><td>&nbsp;<\/td><\/tr><tr><td><\/td><td><\/td><td><\/td><td><\/td><td><\/td><td><\/td><td><\/td><td><\/td><td><\/td><td><\/td><td><\/td><td><\/td><td><\/td><td><\/td><td><\/td><\/tr><tr><td><\/td><td><\/td><td><\/td><td><\/td><td><\/td><td><\/td><td><\/td><td><\/td><td><\/td><td><\/td><td><\/td><td><\/td><td><\/td><td><\/td><td><\/td><\/tr><\/tbody><\/table><\/figure>\n","protected":false},"excerpt":{"rendered":"<p>Tendo em conta a efem\u00e9ride dos&nbsp;50 anos do 25 de abril de 1974,&nbsp;n\u00e3o perca a oportunidade de participar no&nbsp;XVII Encontro Nacional de Riscos&nbsp;sobre o tema \u201cRiscos, Prote\u00e7\u00e3o Civil e Cultura de Seguran\u00e7a: Discursos e Pr\u00e1ticas no Portugal Democr\u00e1tico\u201d. Decorrer\u00e1 presencialmente&nbsp;no dia 7 de junho de 2024, na&nbsp;Faculdade de Letras&nbsp;da&nbsp;Universidade de Coimbra, sendo organizado pela Associa\u00e7\u00e3o Portuguesa de Riscos, Preven\u00e7\u00e3o e Seguran\u00e7a (RISCOS), em colabora\u00e7\u00e3o com o Departamento de Geografia e Turismo, da Faculdade de Letras da Universidade de Coimbra (FLUC) e demais parceiros Institucionais.Este evento conta com o&nbsp;Alto Patroc\u00ednio de sua Excel\u00eancia o Presidente da Rep\u00fablica, Professor Doutor Marcelo Rebelo de Sousa. Comunicamos que o Encontro&nbsp;est\u00e1 acreditado&nbsp;pela&nbsp;Escola Nacional de Bombeiros (ENB) como&nbsp;horas de forma\u00e7\u00e3o (6h) de Bombeiros, com registo no RNBP \u2013 Recenseamento Nacional dos Bombeiros Portugueses&nbsp;(mais informa\u00e7\u00f5es). Pelo que solicitamos que divulgue o evento junto dos Corpos de Bombeiros da sua fregueisa e conselho, e respetivo quadro de ativos. Mais informamos que o Encontro est\u00e1 tamb\u00e9m acreditado pela&nbsp;Conselho Cient\u00edfico-Pedag\u00f3gico da Forma\u00e7\u00e3o Cont\u00ednua (CCPFC)&nbsp;como a\u00e7\u00e3o de forma\u00e7\u00e3o geral para Professores (mais informa\u00e7\u00f5es). Pelo que solicitamos que divulgue o evento junto dos Agrupamentos Educativos e Escolas da vossa freguesia e munic\u00edpio, bem como do seu corpo docente. O Encontro \u00e9 constitu\u00eddo por duas Sess\u00f5es e Confer\u00eancias, a de Abertura e a de Encerramento, e duas Mesas Redondas, com reputados especialistas no \u00e2mbito do direito ambiental, governan\u00e7a do risco, jornalismo e Prote\u00e7\u00e3o Civil, estando confirmados o seguintes oradores: Confer\u00eancia de Abertura &nbsp; Mesa Redonda &nbsp; &nbsp; Manh\u00e3:&nbsp;Os riscos nos espa\u00e7os p\u00fablico e privado \u2013 o equil\u00edbrio entre uma cultura de preven\u00e7\u00e3o e inseguran\u00e7ae a constru\u00e7\u00e3o de uma sociedade consciente mas n\u00e3o condicionada pelo medo &nbsp; Prof. Doutor Ant\u00f3nio Bet\u00e2mio de AlmeidaProfessor Catedr\u00e1tico do Instituto Superior T\u00e9cnicoProfessor Em\u00e9rito da Universidade de Lisboa &nbsp; Prof.\u00aa Doutora Alexandra Arag\u00e3oProfessora Associada da Faculdade de Direito da Universidade de CoimbraInvestigadora Colaboradora do CEIS20 Prof. Doutor Jo\u00e3o FigueiraProfessor Auxiliar do Departamento de Filosofia, Comunica\u00e7\u00e3o e Informa\u00e7\u00e3oda Faculdade de Letras da Universidade de Coimbra Prof.\u00aa Doutora Felisbela LopesProfessora Associada com Agrega\u00e7\u00e3o do Instituto de Ci\u00eancias Sociais da Universidade do Minho RISCO:um olhar, uma revisita\u00e7\u00e3o pessoal &nbsp; &nbsp; &nbsp; &nbsp; &nbsp; &nbsp; &nbsp; &nbsp; Confer\u00eancia de Encerramento &nbsp; Tarde:&nbsp;As din\u00e2micas, as transforma\u00e7\u00f5es e os desafios da Prote\u00e7\u00e3o Civilno Portugal democr\u00e1tico de hoje e do futuro Doutor Ant\u00f3nio AmaroProfessor Convidado da Universidade Novade LisboaAssociado Fundador da RISCOS &nbsp; Andr\u00e9 FernandesComandante Nacional de Emerg\u00eancia e Prote\u00e7\u00e3o Civil da Autoridade Nacional de Emerg\u00eancia e Prote\u00e7\u00e3o Civil Marco MartinsVice-Presidente do Conselho Executivo da Liga dos Bombeiros Portugueses Jo\u00e3o Gomes (surdo portugu\u00eas)Coordenador Internacional de Prote\u00e7\u00e3o Civil da Federa\u00e7\u00e3o Mundial das L\u00ednguas Gestuais Desafios e Caminhos da Prote\u00e7\u00e3o Civil no Portugal Democr\u00e1tico &nbsp; &nbsp; &nbsp; &nbsp; &nbsp; &nbsp; &nbsp; &nbsp;<\/p>\n","protected":false},"author":1,"featured_media":5397,"comment_status":"closed","ping_status":"closed","sticky":false,"template":"","format":"standard","meta":{"om_disable_all_campaigns":false,"_monsterinsights_skip_tracking":false,"_monsterinsights_sitenote_active":false,"_monsterinsights_sitenote_note":"","_monsterinsights_sitenote_category":0,"powered_cache_disable_cache":false,"powered_cache_disable_lazyload":false,"_jetpack_memberships_contains_paid_content":false,"footnotes":""},"categories":[12],"tags":[],"class_list":["post-5395","post","type-post","status-publish","format-standard","has-post-thumbnail","hentry","category-noticias"],"aioseo_notices":[],"jetpack_featured_media_url":"https:\/\/jf-moinhosdagandara.pt\/wp-content\/uploads\/2024\/05\/Captura-de-ecra-2024-05-14-212812.png","blog_post_layout_featured_media_urls":{"thumbnail":["https:\/\/jf-moinhosdagandara.pt\/wp-content\/uploads\/2024\/05\/Captura-de-ecra-2024-05-14-212812-150x150.png",150,150,true],"full":["https:\/\/jf-moinhosdagandara.pt\/wp-content\/uploads\/2024\/05\/Captura-de-ecra-2024-05-14-212812.png",721,457,false]},"categories_names":{"12":{"name":"Noticias","link":"https:\/\/jf-moinhosdagandara.pt\/?cat=12"}},"tags_names":[],"comments_number":"0","jetpack_sharing_enabled":true,"_links":{"self":[{"href":"https:\/\/jf-moinhosdagandara.pt\/index.php?rest_route=\/wp\/v2\/posts\/5395","targetHints":{"allow":["GET"]}}],"collection":[{"href":"https:\/\/jf-moinhosdagandara.pt\/index.php?rest_route=\/wp\/v2\/posts"}],"about":[{"href":"https:\/\/jf-moinhosdagandara.pt\/index.php?rest_route=\/wp\/v2\/types\/post"}],"author":[{"embeddable":true,"href":"https:\/\/jf-moinhosdagandara.pt\/index.php?rest_route=\/wp\/v2\/users\/1"}],"replies":[{"embeddable":true,"href":"https:\/\/jf-moinhosdagandara.pt\/index.php?rest_route=%2Fwp%2Fv2%2Fcomments&post=5395"}],"version-history":[{"count":1,"href":"https:\/\/jf-moinhosdagandara.pt\/index.php?rest_route=\/wp\/v2\/posts\/5395\/revisions"}],"predecessor-version":[{"id":5398,"href":"https:\/\/jf-moinhosdagandara.pt\/index.php?rest_route=\/wp\/v2\/posts\/5395\/revisions\/5398"}],"wp:featuredmedia":[{"embeddable":true,"href":"https:\/\/jf-moinhosdagandara.pt\/index.php?rest_route=\/wp\/v2\/media\/5397"}],"wp:attachment":[{"href":"https:\/\/jf-moinhosdagandara.pt\/index.php?rest_route=%2Fwp%2Fv2%2Fmedia&parent=5395"}],"wp:term":[{"taxonomy":"category","embeddable":true,"href":"https:\/\/jf-moinhosdagandara.pt\/index.php?rest_route=%2Fwp%2Fv2%2Fcategories&post=5395"},{"taxonomy":"post_tag","embeddable":true,"href":"https:\/\/jf-moinhosdagandara.pt\/index.php?rest_route=%2Fwp%2Fv2%2Ftags&post=5395"}],"curies":[{"name":"wp","href":"https:\/\/api.w.org\/{rel}","templated":true}]}}