{"id":5455,"date":"2024-05-25T20:34:33","date_gmt":"2024-05-25T20:34:33","guid":{"rendered":"https:\/\/jf-moinhosdagandara.pt\/?p=5455"},"modified":"2024-05-25T20:34:43","modified_gmt":"2024-05-25T20:34:43","slug":"restabelecimento-de-lacos-familiares","status":"publish","type":"post","link":"https:\/\/jf-moinhosdagandara.pt\/?p=5455","title":{"rendered":"Restabelecimento de La\u00e7os Familiares"},"content":{"rendered":"\n<figure class=\"wp-block-image size-full\"><a href=\"https:\/\/jf-moinhosdagandara.pt\/wp-content\/uploads\/2024\/05\/Imagem-3.jpg\"><img fetchpriority=\"high\" decoding=\"async\" width=\"620\" height=\"620\" src=\"https:\/\/jf-moinhosdagandara.pt\/wp-content\/uploads\/2024\/05\/Imagem-3.jpg\" alt=\"\" class=\"wp-image-5456\" srcset=\"https:\/\/jf-moinhosdagandara.pt\/wp-content\/uploads\/2024\/05\/Imagem-3.jpg 620w, https:\/\/jf-moinhosdagandara.pt\/wp-content\/uploads\/2024\/05\/Imagem-3-300x300.jpg 300w, https:\/\/jf-moinhosdagandara.pt\/wp-content\/uploads\/2024\/05\/Imagem-3-150x150.jpg 150w\" sizes=\"(max-width: 620px) 100vw, 620px\" \/><\/a><\/figure>\n\n\n\n<p><strong>A Cruz Vermelha Portuguesa- Delega\u00e7\u00e3o da Figueira da Foz<\/strong>, junta-se ao Movimento Internacional da Cruz Vermelha e do Crescente Vermelho na<\/p>\n\n\n\n<p>&nbsp;&nbsp;&nbsp;&nbsp;&nbsp;&nbsp;&nbsp;&nbsp;&nbsp;&nbsp;&nbsp;&nbsp;&nbsp;&nbsp;<strong>AJUDA \u00c0 PROCURA DOS SEUS FAMILIARES!<\/strong><\/p>\n\n\n\n<p>O servi\u00e7o de\u00a0<strong>Restabelecimento de La\u00e7os Familiares<\/strong>\u00a0est\u00e1 dispon\u00edvel para todos os que vivem em Portugal e procuram encontrar um membro da fam\u00edlia desaparecido, devido a situa\u00e7\u00f5es de guerra, desastres naturais e\u00a0migra\u00e7\u00e3o. No tumulto, p\u00e2nico e terror, os membros da fam\u00edlia podem separar-se em minutos, muitas vezes levando anos de ang\u00fastia e incerteza sobre o paradeiro de filhos, pais ou c\u00f4njuges.<\/p>\n\n\n\n<p>Tentar localizar pessoas e coloc\u00e1-las em contacto os seus familiares, \u00e9 um grande desafio para a Rede de la\u00e7os Familiares da CVP.<\/p>\n\n\n\n<p>Se est\u00e1 numa dessas situa\u00e7\u00f5es ou conhece algu\u00e9m, dirija-se \u00e0 nossa institui\u00e7\u00e3o. Fazemos parte de uma institui\u00e7\u00e3o humanit\u00e1ria independente, com forma\u00e7\u00e3o espec\u00edfica e tratamos os seus dados pessoais ou da pessoa que procura, de forma confidencial.<\/p>\n\n\n\n<p>A iniciativa reflete o compromisso cont\u00ednuo da organiza\u00e7\u00e3o em responder eficazmente \u00e0s necessidades das comunidades e proteger os direitos humanos fundamentais.<\/p>\n\n\n\n<p><strong>Para mais esclarecimentos contactar:<\/strong><\/p>\n\n\n\n<p>Morada: Praceta Coronel Alves de Sousa, n\u00ba1, 3080-584 Figueira da Foz<\/p>\n\n\n\n<p>Telef: 233 407 300 \/ 968 979&nbsp;990<\/p>\n","protected":false},"excerpt":{"rendered":"<p>A Cruz Vermelha Portuguesa- Delega\u00e7\u00e3o da Figueira da Foz, junta-se ao Movimento Internacional da Cruz Vermelha e do Crescente Vermelho na &nbsp;&nbsp;&nbsp;&nbsp;&nbsp;&nbsp;&nbsp;&nbsp;&nbsp;&nbsp;&nbsp;&nbsp;&nbsp;&nbsp;AJUDA \u00c0 PROCURA DOS SEUS FAMILIARES! O servi\u00e7o de\u00a0Restabelecimento de La\u00e7os Familiares\u00a0est\u00e1 dispon\u00edvel para todos os que vivem em Portugal e procuram encontrar um membro da fam\u00edlia desaparecido, devido a situa\u00e7\u00f5es de guerra, desastres naturais e\u00a0migra\u00e7\u00e3o. No tumulto, p\u00e2nico e terror, os membros da fam\u00edlia podem separar-se em minutos, muitas vezes levando anos de ang\u00fastia e incerteza sobre o paradeiro de filhos, pais ou c\u00f4njuges. Tentar localizar pessoas e coloc\u00e1-las em contacto os seus familiares, \u00e9 um grande desafio para a Rede de la\u00e7os Familiares da CVP. Se est\u00e1 numa dessas situa\u00e7\u00f5es ou conhece algu\u00e9m, dirija-se \u00e0 nossa institui\u00e7\u00e3o. Fazemos parte de uma institui\u00e7\u00e3o humanit\u00e1ria independente, com forma\u00e7\u00e3o espec\u00edfica e tratamos os seus dados pessoais ou da pessoa que procura, de forma confidencial. A iniciativa reflete o compromisso cont\u00ednuo da organiza\u00e7\u00e3o em responder eficazmente \u00e0s necessidades das comunidades e proteger os direitos humanos fundamentais. Para mais esclarecimentos contactar: Morada: Praceta Coronel Alves de Sousa, n\u00ba1, 3080-584 Figueira da Foz Telef: 233 407 300 \/ 968 979&nbsp;990<\/p>\n","protected":false},"author":1,"featured_media":5456,"comment_status":"closed","ping_status":"closed","sticky":false,"template":"","format":"standard","meta":{"om_disable_all_campaigns":false,"_monsterinsights_skip_tracking":false,"_monsterinsights_sitenote_active":false,"_monsterinsights_sitenote_note":"","_monsterinsights_sitenote_category":0,"powered_cache_disable_cache":false,"powered_cache_disable_lazyload":false,"_jetpack_memberships_contains_paid_content":false,"footnotes":""},"categories":[12],"tags":[],"class_list":["post-5455","post","type-post","status-publish","format-standard","has-post-thumbnail","hentry","category-noticias"],"aioseo_notices":[],"jetpack_featured_media_url":"https:\/\/jf-moinhosdagandara.pt\/wp-content\/uploads\/2024\/05\/Imagem-3.jpg","blog_post_layout_featured_media_urls":{"thumbnail":["https:\/\/jf-moinhosdagandara.pt\/wp-content\/uploads\/2024\/05\/Imagem-3-150x150.jpg",150,150,true],"full":["https:\/\/jf-moinhosdagandara.pt\/wp-content\/uploads\/2024\/05\/Imagem-3.jpg",620,620,false]},"categories_names":{"12":{"name":"Noticias","link":"https:\/\/jf-moinhosdagandara.pt\/?cat=12"}},"tags_names":[],"comments_number":"0","jetpack_sharing_enabled":true,"_links":{"self":[{"href":"https:\/\/jf-moinhosdagandara.pt\/index.php?rest_route=\/wp\/v2\/posts\/5455","targetHints":{"allow":["GET"]}}],"collection":[{"href":"https:\/\/jf-moinhosdagandara.pt\/index.php?rest_route=\/wp\/v2\/posts"}],"about":[{"href":"https:\/\/jf-moinhosdagandara.pt\/index.php?rest_route=\/wp\/v2\/types\/post"}],"author":[{"embeddable":true,"href":"https:\/\/jf-moinhosdagandara.pt\/index.php?rest_route=\/wp\/v2\/users\/1"}],"replies":[{"embeddable":true,"href":"https:\/\/jf-moinhosdagandara.pt\/index.php?rest_route=%2Fwp%2Fv2%2Fcomments&post=5455"}],"version-history":[{"count":1,"href":"https:\/\/jf-moinhosdagandara.pt\/index.php?rest_route=\/wp\/v2\/posts\/5455\/revisions"}],"predecessor-version":[{"id":5457,"href":"https:\/\/jf-moinhosdagandara.pt\/index.php?rest_route=\/wp\/v2\/posts\/5455\/revisions\/5457"}],"wp:featuredmedia":[{"embeddable":true,"href":"https:\/\/jf-moinhosdagandara.pt\/index.php?rest_route=\/wp\/v2\/media\/5456"}],"wp:attachment":[{"href":"https:\/\/jf-moinhosdagandara.pt\/index.php?rest_route=%2Fwp%2Fv2%2Fmedia&parent=5455"}],"wp:term":[{"taxonomy":"category","embeddable":true,"href":"https:\/\/jf-moinhosdagandara.pt\/index.php?rest_route=%2Fwp%2Fv2%2Fcategories&post=5455"},{"taxonomy":"post_tag","embeddable":true,"href":"https:\/\/jf-moinhosdagandara.pt\/index.php?rest_route=%2Fwp%2Fv2%2Ftags&post=5455"}],"curies":[{"name":"wp","href":"https:\/\/api.w.org\/{rel}","templated":true}]}}